{"id":4812,"date":"2012-10-30T09:10:06","date_gmt":"2012-10-30T09:10:06","guid":{"rendered":"http:\/\/e-anjelik.sk\/?p=4812"},"modified":"2012-10-30T09:10:06","modified_gmt":"2012-10-30T09:10:06","slug":"30-oktober","status":"publish","type":"post","link":"https:\/\/www.e-anjelik.sk\/index.php\/2012\/10\/30\/30-oktober\/","title":{"rendered":"30. OKT\u00d3BER"},"content":{"rendered":"<p>                                                                30. OKT\u00d3BER<\/p>\n<p>Hospodin mocnost\u00ed je s nami, hradom prepevn\u00fdm je n\u00e1m Boh J\u00e1kobov.<\/p>\n<p>                                                                                                             \u017dalm 46, 12<\/p>\n<p>                            \/Z listu kurfirstovi Fridrichovi, ke\u010f sa Luther zdr\u017eiaval na Wartburgu.\/<\/p>\n<p>       Nap\u00edsal som svoju mienku ct.kurfirstovi z Bo\u017eej milosti, aby vedel, \u017ee idem do Wartburgu pod istej\u0161ou ochranou, ako je kurfirstvova. Nem\u00e1m ani v \u00famysle po\u017eadova\u0165 ochranu cten\u00e9ho kurfirsta z Bo\u017eej milosti. Veru, mysl\u00edm si, \u017ee by som mohol C.K.B.M. lep\u0161ie ochra\u0148ova\u0165 ne\u017e on m\u0148a.<br \/>\n     Okrem toho, keby keby som bol vedel, \u017ee ma C.K.B.M. m\u00f4\u017ee a chce ochra\u0148ova\u0165, nebol by som s t\u00fdm s\u00fahlasil. V tejto veci nem\u00f4\u017ee  a nem\u00e1 nijak\u00fd me\u010d rozhodov\u0165 a pom\u00e1ha\u0165; tu mus\u00ed kona\u0165 s\u00e1m Boh bez akjeko\u013evek \u013eudskej starostlivosti  a pri\u010dinenia. Nu\u017e, kto najpevnej\u0161ie ver\u00ed, je najdokonalej\u0161ie chr\u00e1nen\u00fd.<br \/>\n      A ke\u010f\u017ee c\u00edtim, \u017ee K.C.B.M. je e\u0161te ve\u013emi slobodn\u00fd vo viere, nem\u00f4\u017eem ho v nijakom oh\u013eade poklada\u0165 za tak\u00e9ho, ktor\u00fd my ma mohol ochra\u0148ova\u0165  a zachr\u00e1ni\u0165. Keby C.K.B.M. veril, videl by Bo\u017eiu n\u00e1dhere; preto v\u0161ak, \u017ee never\u00ed, nevidel ni\u010d.<\/p>\n<p>                                                     Martin Luther: Smerovn\u00edk kres\u0165anskej cesty<\/p>\n","protected":false},"excerpt":{"rendered":"<p>30. OKT\u00d3BER Hospodin mocnost\u00ed je s nami, hradom prepevn\u00fdm je n\u00e1m Boh J\u00e1kobov. \u017dalm 46, 12 \/Z listu kurfirstovi Fridrichovi, ke\u010f sa Luther zdr\u017eiaval na Wartburgu.\/ Nap\u00edsal som svoju mienku ct.kurfirstovi z Bo\u017eej milosti, aby vedel, \u017ee idem do Wartburgu pod istej\u0161ou ochranou, ako je kurfirstvova. Nem\u00e1m ani v \u00famysle po\u017eadova\u0165 ochranu cten\u00e9ho kurfirsta z &#8230; <a title=\"30. OKT\u00d3BER\" class=\"read-more\" href=\"https:\/\/www.e-anjelik.sk\/index.php\/2012\/10\/30\/30-oktober\/\" aria-label=\"Pre\u010d\u00edtajte si viac o 30. OKT\u00d3BER\">\u010c\u00edta\u0165 viac<\/a><\/p>\n","protected":false},"author":4,"featured_media":0,"comment_status":"open","ping_status":"open","sticky":false,"template":"","format":"standard","meta":{"footnotes":""},"categories":[1],"tags":[],"class_list":["post-4812","post","type-post","status-publish","format-standard","hentry","category-adventna-modlitba"],"_links":{"self":[{"href":"https:\/\/www.e-anjelik.sk\/index.php\/wp-json\/wp\/v2\/posts\/4812","targetHints":{"allow":["GET"]}}],"collection":[{"href":"https:\/\/www.e-anjelik.sk\/index.php\/wp-json\/wp\/v2\/posts"}],"about":[{"href":"https:\/\/www.e-anjelik.sk\/index.php\/wp-json\/wp\/v2\/types\/post"}],"author":[{"embeddable":true,"href":"https:\/\/www.e-anjelik.sk\/index.php\/wp-json\/wp\/v2\/users\/4"}],"replies":[{"embeddable":true,"href":"https:\/\/www.e-anjelik.sk\/index.php\/wp-json\/wp\/v2\/comments?post=4812"}],"version-history":[{"count":0,"href":"https:\/\/www.e-anjelik.sk\/index.php\/wp-json\/wp\/v2\/posts\/4812\/revisions"}],"wp:attachment":[{"href":"https:\/\/www.e-anjelik.sk\/index.php\/wp-json\/wp\/v2\/media?parent=4812"}],"wp:term":[{"taxonomy":"category","embeddable":true,"href":"https:\/\/www.e-anjelik.sk\/index.php\/wp-json\/wp\/v2\/categories?post=4812"},{"taxonomy":"post_tag","embeddable":true,"href":"https:\/\/www.e-anjelik.sk\/index.php\/wp-json\/wp\/v2\/tags?post=4812"}],"curies":[{"name":"wp","href":"https:\/\/api.w.org\/{rel}","templated":true}]}}