{"id":4813,"date":"2012-10-30T09:13:55","date_gmt":"2012-10-30T09:13:55","guid":{"rendered":"http:\/\/e-anjelik.sk\/?p=4813"},"modified":"2012-10-30T09:13:55","modified_gmt":"2012-10-30T09:13:55","slug":"ekumenicke-reformacne-bohosluzby-v-budapesti","status":"publish","type":"post","link":"https:\/\/www.e-anjelik.sk\/index.php\/2012\/10\/30\/ekumenicke-reformacne-bohosluzby-v-budapesti\/","title":{"rendered":"Ekumenick\u00e9 reforma\u010dn\u00e9 bohoslu\u017eby v Budape\u0161ti"},"content":{"rendered":"<p>V nede\u013eu 28. okt\u00f3bra 2012 sa v evanjelickom kostole na Bud\u00ednskom hrade konali tradi\u010dn\u00e9 ekumenick\u00e9 bohoslu\u017eby reforma\u010dn\u00fdch cirkv\u00ed v Ma\u010farsku. Z\u00fa\u010dastnili sa ich z\u00e1stupcovia evanjelickej , reformovanej, metodistickej, baptistickej a letni\u010dnej cirkvi.Pr\u00edtomn\u00fd bol aj gen. tajomn\u00edk ERC v Ma\u010farsku Dr. Fischl Vilmos. Slovo Bo\u017eie zvestoval na Lk 1, 67-75 Gust\u00e1v Boelcskei, reformovan\u00fd biskup. V k\u00e1zni o.i. povedsal, \u017ee reform\u00e1cia bola dielom Ducha sv\u00e4t\u00e9ho a ako tak\u00e1 net\u00fdka sa len n ieko\u013ek\u00fdch vyznan\u00ed, ale je vecou cel\u00e9ho kres\u0165anstva.<\/p>\n<p>(www.evangelikus.hu)<\/p>\n","protected":false},"excerpt":{"rendered":"<p>V nede\u013eu 28. okt\u00f3bra 2012 sa v evanjelickom kostole na Bud\u00ednskom hrade konali tradi\u010dn\u00e9 ekumenick\u00e9 bohoslu\u017eby reforma\u010dn\u00fdch cirkv\u00ed v Ma\u010farsku. Z\u00fa\u010dastnili sa ich z\u00e1stupcovia evanjelickej , reformovanej, metodistickej, baptistickej a letni\u010dnej cirkvi.Pr\u00edtomn\u00fd bol aj gen. tajomn\u00edk ERC v Ma\u010farsku Dr. Fischl Vilmos. Slovo Bo\u017eie zvestoval na Lk 1, 67-75 Gust\u00e1v Boelcskei, reformovan\u00fd biskup. V k\u00e1zni &#8230; <a title=\"Ekumenick\u00e9 reforma\u010dn\u00e9 bohoslu\u017eby v Budape\u0161ti\" class=\"read-more\" href=\"https:\/\/www.e-anjelik.sk\/index.php\/2012\/10\/30\/ekumenicke-reformacne-bohosluzby-v-budapesti\/\" aria-label=\"Pre\u010d\u00edtajte si viac o Ekumenick\u00e9 reforma\u010dn\u00e9 bohoslu\u017eby v Budape\u0161ti\">\u010c\u00edta\u0165 viac<\/a><\/p>\n","protected":false},"author":22,"featured_media":0,"comment_status":"open","ping_status":"open","sticky":false,"template":"","format":"standard","meta":{"footnotes":""},"categories":[2,26],"tags":[249],"class_list":["post-4813","post","type-post","status-publish","format-standard","hentry","category-ekumena","category-pamiatka-reformacie","tag-bohosluzby"],"_links":{"self":[{"href":"https:\/\/www.e-anjelik.sk\/index.php\/wp-json\/wp\/v2\/posts\/4813","targetHints":{"allow":["GET"]}}],"collection":[{"href":"https:\/\/www.e-anjelik.sk\/index.php\/wp-json\/wp\/v2\/posts"}],"about":[{"href":"https:\/\/www.e-anjelik.sk\/index.php\/wp-json\/wp\/v2\/types\/post"}],"author":[{"embeddable":true,"href":"https:\/\/www.e-anjelik.sk\/index.php\/wp-json\/wp\/v2\/users\/22"}],"replies":[{"embeddable":true,"href":"https:\/\/www.e-anjelik.sk\/index.php\/wp-json\/wp\/v2\/comments?post=4813"}],"version-history":[{"count":0,"href":"https:\/\/www.e-anjelik.sk\/index.php\/wp-json\/wp\/v2\/posts\/4813\/revisions"}],"wp:attachment":[{"href":"https:\/\/www.e-anjelik.sk\/index.php\/wp-json\/wp\/v2\/media?parent=4813"}],"wp:term":[{"taxonomy":"category","embeddable":true,"href":"https:\/\/www.e-anjelik.sk\/index.php\/wp-json\/wp\/v2\/categories?post=4813"},{"taxonomy":"post_tag","embeddable":true,"href":"https:\/\/www.e-anjelik.sk\/index.php\/wp-json\/wp\/v2\/tags?post=4813"}],"curies":[{"name":"wp","href":"https:\/\/api.w.org\/{rel}","templated":true}]}}