{"id":4817,"date":"2012-10-30T11:08:18","date_gmt":"2012-10-30T11:08:18","guid":{"rendered":"http:\/\/e-anjelik.sk\/?p=4817"},"modified":"2012-10-30T11:08:18","modified_gmt":"2012-10-30T11:08:18","slug":"prezident-slz-k-pamiatke-reformacie-2012","status":"publish","type":"post","link":"https:\/\/www.e-anjelik.sk\/index.php\/2012\/10\/30\/prezident-slz-k-pamiatke-reformacie-2012\/","title":{"rendered":"Prezident SLZ k Pamiatke reform\u00e1cie 2012"},"content":{"rendered":"<p>Som r\u00e1d, \u017ee m\u00e1m t\u00fato pr\u00edle\u017eitos\u0165, spolu s Lutheran spolo\u010denstvo vo svete prem\u00fd\u0161\u013ea\u0165 o tom, \u010do to znamen\u00e1 sl\u00e1vi\u0165 reform\u00e1ciu ako glob\u00e1lny spolo\u010denstiev.<\/p>\n<p>Reform\u00e1cia priniesla sp\u00e4\u0165 svie\u017eos\u0165 evanjelia do Jeruzalema. Ob\u00fdvacia Evanjelium n\u00e1s sp\u00e1ja v tele Kristovom, a n\u00e1sledne s cirkvami po celom svete.<\/p>\n<p>Ako luter\u00e1ni m\u00e1me v\u00fdsadu patr\u00ed do Svetovej luter\u00e1nskej feder\u00e1cie (LWF), glob\u00e1lne spolo\u010denstvo. My v\u0161etci s\u00fa &#8222;spojen\u00e9 v kazate\u013enice a olt\u00e1rnej priate\u013estva&#8220; a &#8222;sl\u00fa\u017ei\u0165 jednotu kres\u0165anov po celom svete.&#8220; (LWF \u00dastava, III.)<\/p>\n<p>Po mnoho rokov, bol Lutheran reform\u00e1cie za \u0165a\u017ek\u00e9 odl\u00ed\u0161i\u0165 od in\u00fdch denomin\u00e1ci\u00ed. Dnes je to in\u00e9. Symbolicky predstavuje skuto\u010dnos\u0165, \u017ee Lutheran \/ r\u00edmskokatol\u00edcka &#8222;Spolo\u010dn\u00e9 vyhl\u00e1senie o n\u00e1uku Od\u00f4vodnenie&#8220;, ktor\u00fd pojedn\u00e1va o kontroverzn\u00fa ot\u00e1zku reform\u00e1cie, De\u0148 reform\u00e1cie, 31 Okt\u00f3bra 1999 v Augsburgu (Nemecko) podp\u00edsan\u00e1 a oslavovali. A v posledn\u00fdch rokoch sme zaznamenali viac v\u00fdsledkov pre biblick\u00fa b\u00e1ze doktr\u00edny od\u00f4vodnenie, ktor\u00e9 boli vyvinut\u00e9 v spolupr\u00e1ci s r\u00edmsko-katol\u00edckou, metodistov a reformovanej strane.<\/p>\n<p>Dobr\u00fd d\u00f4vod, pre\u010do \u010fakova\u0165 Bohu, m\u00e1me. Tie\u017e rovnako d\u00f4le\u017eit\u00e9 v\u00fdsledky Lutheran-ortodoxnej dial\u00f3gu, \u010do je viac ako 30 rokov, viac a viac pokro\u010dil\u00fdch z perif\u00e9rie do \u00fastredn\u00fdch t\u00e9m kres\u0165anskej n\u00e1uky<\/p>\n<p>Ako m\u00f4\u017eeme sl\u00e1vi\u0165 reform\u00e1ciu, kedy evanjelium Kristovo nezbavuje n\u00e1s k pok\u00e1niu a odpustenie? Preto nezabudnite s pokorou, \u017ee reform\u00e1cia za\u0161la pr\u00edli\u0161 ne\u0161\u0165astn\u00fd, prispela prvej Lutheran soci\u00e1lne a n\u00e1bo\u017eensk\u00e9 konflikty. Tak, v jeden\u00e1stej zhroma\u017eden\u00ed v Stuttgarte (j\u00fal 2010) bol kaj\u00facne oslava za \u00fa\u010dasti z\u00e1stupcov Svetovej konferencie Mennonite, boli prezentovan\u00e9 vo svedectvo o prenasledovan\u00ed a utrpen\u00ed Baptist Inside, sme sa modlili za odpustenie a nami na\u0161ej spolo\u010dnej bud\u00facnosti sa obr\u00e1til k<\/p>\n<p>Reform\u00e1cie. V\u00fdznamn\u00fa \u00falohu v osloboden\u00ed myslenia, s dopadom na teol\u00f3giu, cirkevn\u00e9 spr\u00e1vy, hudby, literat\u00fary a soci\u00e1lne reformy Emancip\u00e1cia vedy a filozofie bola spojen\u00e1 so slobodou prejavu a slobody n\u00e1bo\u017eensk\u00e9ho vyznania.<\/p>\n<p>Uvedomili sme si, \u017ee spolo\u010dnos\u0165 mus\u00ed by\u0165 zalo\u017een\u00e1 na spravodlivosti a \u013eudsk\u00fdch pr\u00e1v. T\u00e1to lekcia sa mus\u00edme nau\u010di\u0165 dnes, v neposlednom rade na Bl\u00edzkom v\u00fdchode, kde m\u00e1 cirkev, evanjelick\u00e1 luter\u00e1nska cirkev v Jord\u00e1nsku a Sv\u00e4tej zeme, \u017eije a bojuje s ich kontextu.<\/p>\n<p>M\u00e1me na pam\u00e4ti, \u017ee Boh m\u00e1 cez reform\u00e1cie evanjelia spasite\u013en\u00e9 milosti v Kristovi udelil \u00fastredn\u00e9 miesto v na\u0161ich kostoloch. Je v slov\u00e1ch Martina Luthera,. &#8222;True poklad Cirkvi&#8220;, ktor\u00e1 n\u00e1s sp\u00e1ja s vierou, n\u00e1dejou a slu\u017eby M\u00e1ja toto evanjelium v \u200b\u200bna\u0161ej pr\u00edprave a sl\u00e1ven\u00ed reform\u00e1cie Fest 2012 v stredu.<\/p>\n<p>LWF Prezident Bishop Dr Munib A. Younan sa pot\u00fdka s Evanjelickej luter\u00e1nskej cirkvi v Jord\u00e1nsku a vo Sv\u00e4tej zemi.<\/p>\n<p>Z nem\u010diny pod\u013ea www.lutheranworld.org prelo\u017eil V.L\u00e1ska<\/p>\n","protected":false},"excerpt":{"rendered":"<p>Som r\u00e1d, \u017ee m\u00e1m t\u00fato pr\u00edle\u017eitos\u0165, spolu s Lutheran spolo\u010denstvo vo svete prem\u00fd\u0161\u013ea\u0165 o tom, \u010do to znamen\u00e1 sl\u00e1vi\u0165 reform\u00e1ciu ako glob\u00e1lny spolo\u010denstiev. Reform\u00e1cia priniesla sp\u00e4\u0165 svie\u017eos\u0165 evanjelia do Jeruzalema. Ob\u00fdvacia Evanjelium n\u00e1s sp\u00e1ja v tele Kristovom, a n\u00e1sledne s cirkvami po celom svete. Ako luter\u00e1ni m\u00e1me v\u00fdsadu patr\u00ed do Svetovej luter\u00e1nskej feder\u00e1cie (LWF), glob\u00e1lne &#8230; <a title=\"Prezident SLZ k Pamiatke reform\u00e1cie 2012\" class=\"read-more\" href=\"https:\/\/www.e-anjelik.sk\/index.php\/2012\/10\/30\/prezident-slz-k-pamiatke-reformacie-2012\/\" aria-label=\"Pre\u010d\u00edtajte si viac o Prezident SLZ k Pamiatke reform\u00e1cie 2012\">\u010c\u00edta\u0165 viac<\/a><\/p>\n","protected":false},"author":22,"featured_media":0,"comment_status":"open","ping_status":"open","sticky":false,"template":"","format":"standard","meta":{"footnotes":""},"categories":[26],"tags":[],"class_list":["post-4817","post","type-post","status-publish","format-standard","hentry","category-pamiatka-reformacie"],"_links":{"self":[{"href":"https:\/\/www.e-anjelik.sk\/index.php\/wp-json\/wp\/v2\/posts\/4817","targetHints":{"allow":["GET"]}}],"collection":[{"href":"https:\/\/www.e-anjelik.sk\/index.php\/wp-json\/wp\/v2\/posts"}],"about":[{"href":"https:\/\/www.e-anjelik.sk\/index.php\/wp-json\/wp\/v2\/types\/post"}],"author":[{"embeddable":true,"href":"https:\/\/www.e-anjelik.sk\/index.php\/wp-json\/wp\/v2\/users\/22"}],"replies":[{"embeddable":true,"href":"https:\/\/www.e-anjelik.sk\/index.php\/wp-json\/wp\/v2\/comments?post=4817"}],"version-history":[{"count":0,"href":"https:\/\/www.e-anjelik.sk\/index.php\/wp-json\/wp\/v2\/posts\/4817\/revisions"}],"wp:attachment":[{"href":"https:\/\/www.e-anjelik.sk\/index.php\/wp-json\/wp\/v2\/media?parent=4817"}],"wp:term":[{"taxonomy":"category","embeddable":true,"href":"https:\/\/www.e-anjelik.sk\/index.php\/wp-json\/wp\/v2\/categories?post=4817"},{"taxonomy":"post_tag","embeddable":true,"href":"https:\/\/www.e-anjelik.sk\/index.php\/wp-json\/wp\/v2\/tags?post=4817"}],"curies":[{"name":"wp","href":"https:\/\/api.w.org\/{rel}","templated":true}]}}