{"id":4821,"date":"2012-11-01T12:48:27","date_gmt":"2012-11-01T12:48:27","guid":{"rendered":"http:\/\/e-anjelik.sk\/?p=4821"},"modified":"2012-11-01T12:48:27","modified_gmt":"2012-11-01T12:48:27","slug":"k-pamiatke-reformacie-2017","status":"publish","type":"post","link":"https:\/\/www.e-anjelik.sk\/index.php\/2012\/11\/01\/k-pamiatke-reformacie-2017\/","title":{"rendered":"K pamiatke reform\u00e1cie 2017?"},"content":{"rendered":"<p>Presne o 5 rokov bude pr\u00e1ve po oslav\u00e1ch 500. v\u00fdro\u010dia pamiatky Reform\u00e1cie. <\/p>\n<p>Uva\u017eujem ako sa asi bude toto v\u00fdro\u010die sl\u00e1vi\u0165? \u010co by sa dalo urobi\u0165 dovtedy, do roku 2017, najm\u00e4 vo vz\u0165ahoch medzi nami luter\u00e1nmi a v r\u00e1mci cirkevnej ekum\u00e9ny, aby to bola oslava na ktorej by sa r\u00e1d z\u00fa\u010dastnil aj Martin Luther (aspo\u0148 pomyselne, aby s nami pozdvihol hlinen\u00fd kr\u00edge\u013e dobr\u00e9ho piva a povedal nie\u010do v zmysle: &#8222;fajn, takto som to nejako myslel&#8220;). \u010co mysl\u00edte &#8211; \u010do by sa dalo za t\u00fdch 5 rokov urobi\u0165?<\/p>\n","protected":false},"excerpt":{"rendered":"<p>Presne o 5 rokov bude pr\u00e1ve po oslav\u00e1ch 500. v\u00fdro\u010dia pamiatky Reform\u00e1cie. Uva\u017eujem ako sa asi bude toto v\u00fdro\u010die sl\u00e1vi\u0165? \u010co by sa dalo urobi\u0165 dovtedy, do roku 2017, najm\u00e4 vo vz\u0165ahoch medzi nami luter\u00e1nmi a v r\u00e1mci cirkevnej ekum\u00e9ny, aby to bola oslava na ktorej by sa r\u00e1d z\u00fa\u010dastnil aj Martin Luther (aspo\u0148 pomyselne, &#8230; <a title=\"K pamiatke reform\u00e1cie 2017?\" class=\"read-more\" href=\"https:\/\/www.e-anjelik.sk\/index.php\/2012\/11\/01\/k-pamiatke-reformacie-2017\/\" aria-label=\"Pre\u010d\u00edtajte si viac o K pamiatke reform\u00e1cie 2017?\">\u010c\u00edta\u0165 viac<\/a><\/p>\n","protected":false},"author":12,"featured_media":0,"comment_status":"open","ping_status":"open","sticky":false,"template":"","format":"standard","meta":{"footnotes":""},"categories":[26],"tags":[],"class_list":["post-4821","post","type-post","status-publish","format-standard","hentry","category-pamiatka-reformacie"],"_links":{"self":[{"href":"https:\/\/www.e-anjelik.sk\/index.php\/wp-json\/wp\/v2\/posts\/4821","targetHints":{"allow":["GET"]}}],"collection":[{"href":"https:\/\/www.e-anjelik.sk\/index.php\/wp-json\/wp\/v2\/posts"}],"about":[{"href":"https:\/\/www.e-anjelik.sk\/index.php\/wp-json\/wp\/v2\/types\/post"}],"author":[{"embeddable":true,"href":"https:\/\/www.e-anjelik.sk\/index.php\/wp-json\/wp\/v2\/users\/12"}],"replies":[{"embeddable":true,"href":"https:\/\/www.e-anjelik.sk\/index.php\/wp-json\/wp\/v2\/comments?post=4821"}],"version-history":[{"count":0,"href":"https:\/\/www.e-anjelik.sk\/index.php\/wp-json\/wp\/v2\/posts\/4821\/revisions"}],"wp:attachment":[{"href":"https:\/\/www.e-anjelik.sk\/index.php\/wp-json\/wp\/v2\/media?parent=4821"}],"wp:term":[{"taxonomy":"category","embeddable":true,"href":"https:\/\/www.e-anjelik.sk\/index.php\/wp-json\/wp\/v2\/categories?post=4821"},{"taxonomy":"post_tag","embeddable":true,"href":"https:\/\/www.e-anjelik.sk\/index.php\/wp-json\/wp\/v2\/tags?post=4821"}],"curies":[{"name":"wp","href":"https:\/\/api.w.org\/{rel}","templated":true}]}}