{"id":4825,"date":"2012-11-02T08:56:42","date_gmt":"2012-11-02T08:56:42","guid":{"rendered":"http:\/\/e-anjelik.sk\/?p=4825"},"modified":"2012-11-02T08:56:42","modified_gmt":"2012-11-02T08:56:42","slug":"zacala-generalna-synoda-velkd","status":"publish","type":"post","link":"https:\/\/www.e-anjelik.sk\/index.php\/2012\/11\/02\/zacala-generalna-synoda-velkd\/","title":{"rendered":"Za\u010dala gener\u00e1lna synoda VELKD"},"content":{"rendered":"<p>Vo \u0161tvrtok 1. nov. 2012 sa v Timmensdorfer Strand za\u010dala gen. synoda Spojenej luter\u00e1nskej cirkvi Nemecka (VELKD). Deleg\u00e1ti a hostia si vypo\u010duli refer\u00e1t ved\u00faceho biskupa VELKD  Gerharda Ulricha, ktor\u00fd hovoril k t\u00e9me synody- pr\u00edpravy na oslavu jubilea reform\u00e1cie. Pod\u013ea neho sa treba zamera\u0165 na bud\u00facnos\u0165 cirkvi, a to tak, \u017ee sa vr\u00e1time k podstate &#8211; obnove, znovuvytv\u00e1raniu cirkvi . Ch\u00e1panie reforma\u010dnej viery je ch\u00e1panie slobody od hriechu, diabla a smrti, ale aj slobody ku solidarite, l\u00e1ske k bl\u00ed\u017enym. &#8222;Sloboda a odovzdanos\u0165, sloboda a slu\u017eba s\u00fa neoddelite\u013en\u00e9&#8220;, povedal Ulrich.<br \/>\nNa synode vyst\u00fapia s refer\u00e1tmi k t\u00e9me reform\u00e1cie: Martin Junge, gen. tajomn\u00edk SLZ, kardin\u00e1l Kurt Koch, prezident P\u00e1pe\u017eskej rady pre jednotu kres\u0165anov a profesor teol\u00f3gie Bernd Oberdorfer.<br \/>\nVELKD m\u00e1 sedem luter\u00e1nskych krajinsk\u00fdch cirkv\u00ed s takmer desiatimi mili\u00f3nmi \u010dlenov. Jej gr\u00e9miami s\u00fa: gener\u00e1lna synoda, vedenie cirkvi a biskupsk\u00e1 konferencia.<br \/>\n(www.nordkirche.de)<\/p>\n","protected":false},"excerpt":{"rendered":"<p>Vo \u0161tvrtok 1. nov. 2012 sa v Timmensdorfer Strand za\u010dala gen. synoda Spojenej luter\u00e1nskej cirkvi Nemecka (VELKD). Deleg\u00e1ti a hostia si vypo\u010duli refer\u00e1t ved\u00faceho biskupa VELKD Gerharda Ulricha, ktor\u00fd hovoril k t\u00e9me synody- pr\u00edpravy na oslavu jubilea reform\u00e1cie. Pod\u013ea neho sa treba zamera\u0165 na bud\u00facnos\u0165 cirkvi, a to tak, \u017ee sa vr\u00e1time k podstate &#8211; &#8230; <a title=\"Za\u010dala gener\u00e1lna synoda VELKD\" class=\"read-more\" href=\"https:\/\/www.e-anjelik.sk\/index.php\/2012\/11\/02\/zacala-generalna-synoda-velkd\/\" aria-label=\"Pre\u010d\u00edtajte si viac o Za\u010dala gener\u00e1lna synoda VELKD\">\u010c\u00edta\u0165 viac<\/a><\/p>\n","protected":false},"author":22,"featured_media":0,"comment_status":"open","ping_status":"open","sticky":false,"template":"","format":"standard","meta":{"footnotes":""},"categories":[1],"tags":[234],"class_list":["post-4825","post","type-post","status-publish","format-standard","hentry","category-adventna-modlitba","tag-zdruzenia-a-skupiny"],"_links":{"self":[{"href":"https:\/\/www.e-anjelik.sk\/index.php\/wp-json\/wp\/v2\/posts\/4825","targetHints":{"allow":["GET"]}}],"collection":[{"href":"https:\/\/www.e-anjelik.sk\/index.php\/wp-json\/wp\/v2\/posts"}],"about":[{"href":"https:\/\/www.e-anjelik.sk\/index.php\/wp-json\/wp\/v2\/types\/post"}],"author":[{"embeddable":true,"href":"https:\/\/www.e-anjelik.sk\/index.php\/wp-json\/wp\/v2\/users\/22"}],"replies":[{"embeddable":true,"href":"https:\/\/www.e-anjelik.sk\/index.php\/wp-json\/wp\/v2\/comments?post=4825"}],"version-history":[{"count":0,"href":"https:\/\/www.e-anjelik.sk\/index.php\/wp-json\/wp\/v2\/posts\/4825\/revisions"}],"wp:attachment":[{"href":"https:\/\/www.e-anjelik.sk\/index.php\/wp-json\/wp\/v2\/media?parent=4825"}],"wp:term":[{"taxonomy":"category","embeddable":true,"href":"https:\/\/www.e-anjelik.sk\/index.php\/wp-json\/wp\/v2\/categories?post=4825"},{"taxonomy":"post_tag","embeddable":true,"href":"https:\/\/www.e-anjelik.sk\/index.php\/wp-json\/wp\/v2\/tags?post=4825"}],"curies":[{"name":"wp","href":"https:\/\/api.w.org\/{rel}","templated":true}]}}