{"id":4826,"date":"2012-11-02T09:14:59","date_gmt":"2012-11-02T09:14:59","guid":{"rendered":"http:\/\/e-anjelik.sk\/?p=4826"},"modified":"2012-11-02T09:14:59","modified_gmt":"2012-11-02T09:14:59","slug":"bavorsky-ev-farar-suspendovany-zo-sluzby","status":"publish","type":"post","link":"https:\/\/www.e-anjelik.sk\/index.php\/2012\/11\/02\/bavorsky-ev-farar-suspendovany-zo-sluzby\/","title":{"rendered":"Bavorsk\u00fd ev. far\u00e1r suspendovan\u00fd zo slu\u017eby"},"content":{"rendered":"<p>29. okt\u00f3bra t.r. bol zo slu\u017eby evanjelick\u00e9ho zborov\u00e9ho far\u00e1ra suspendovan\u00fd far\u00e1r z Burgau, dekan\u00e1t Neu Ulm. Je podozriv\u00fd,\u017ee pred nieko\u013ek\u00fdmi rokmi mal sexu\u00e1lne zaobch\u00e1dzanie s vtedy neplnolet\u00fdm diev\u010da\u0165om z cirkevn\u00e9ho zboru.Za\u010dalo sa vo\u010di nemu trestn\u00e9 st\u00edhanie ako aj disciplin\u00e1rne konanie. Spr\u00e1vu vydala Rada krajinskej cirkvi v Mn\u00edchove.<br \/>\n(www.bayern-evangelisch.de)  <\/p>\n","protected":false},"excerpt":{"rendered":"<p>29. okt\u00f3bra t.r. bol zo slu\u017eby evanjelick\u00e9ho zborov\u00e9ho far\u00e1ra suspendovan\u00fd far\u00e1r z Burgau, dekan\u00e1t Neu Ulm. Je podozriv\u00fd,\u017ee pred nieko\u013ek\u00fdmi rokmi mal sexu\u00e1lne zaobch\u00e1dzanie s vtedy neplnolet\u00fdm diev\u010da\u0165om z cirkevn\u00e9ho zboru.Za\u010dalo sa vo\u010di nemu trestn\u00e9 st\u00edhanie ako aj disciplin\u00e1rne konanie. Spr\u00e1vu vydala Rada krajinskej cirkvi v Mn\u00edchove. (www.bayern-evangelisch.de)<\/p>\n","protected":false},"author":22,"featured_media":0,"comment_status":"open","ping_status":"open","sticky":false,"template":"","format":"standard","meta":{"footnotes":""},"categories":[1,193],"tags":[],"class_list":["post-4826","post","type-post","status-publish","format-standard","hentry","category-adventna-modlitba","category-co-pisu-ini"],"_links":{"self":[{"href":"https:\/\/www.e-anjelik.sk\/index.php\/wp-json\/wp\/v2\/posts\/4826","targetHints":{"allow":["GET"]}}],"collection":[{"href":"https:\/\/www.e-anjelik.sk\/index.php\/wp-json\/wp\/v2\/posts"}],"about":[{"href":"https:\/\/www.e-anjelik.sk\/index.php\/wp-json\/wp\/v2\/types\/post"}],"author":[{"embeddable":true,"href":"https:\/\/www.e-anjelik.sk\/index.php\/wp-json\/wp\/v2\/users\/22"}],"replies":[{"embeddable":true,"href":"https:\/\/www.e-anjelik.sk\/index.php\/wp-json\/wp\/v2\/comments?post=4826"}],"version-history":[{"count":0,"href":"https:\/\/www.e-anjelik.sk\/index.php\/wp-json\/wp\/v2\/posts\/4826\/revisions"}],"wp:attachment":[{"href":"https:\/\/www.e-anjelik.sk\/index.php\/wp-json\/wp\/v2\/media?parent=4826"}],"wp:term":[{"taxonomy":"category","embeddable":true,"href":"https:\/\/www.e-anjelik.sk\/index.php\/wp-json\/wp\/v2\/categories?post=4826"},{"taxonomy":"post_tag","embeddable":true,"href":"https:\/\/www.e-anjelik.sk\/index.php\/wp-json\/wp\/v2\/tags?post=4826"}],"curies":[{"name":"wp","href":"https:\/\/api.w.org\/{rel}","templated":true}]}}