{"id":4827,"date":"2012-11-02T09:55:57","date_gmt":"2012-11-02T09:55:57","guid":{"rendered":"http:\/\/e-anjelik.sk\/?p=4827"},"modified":"2012-11-02T09:55:57","modified_gmt":"2012-11-02T09:55:57","slug":"4-tisic-ludi-na-pietistickej-duchovnej-konferencii-v-stuttgarte","status":"publish","type":"post","link":"https:\/\/www.e-anjelik.sk\/index.php\/2012\/11\/02\/4-tisic-ludi-na-pietistickej-duchovnej-konferencii-v-stuttgarte\/","title":{"rendered":"4 tis\u00edc \u013eud\u00ed na pietistickej duchovnej konferencii v \u0160tuttgarte"},"content":{"rendered":"<p>Vo \u0161tvrtok 1. nov. t.r. sa v \u0160tuttgarte v Porsche Arena zi\u0161lo do 4 tis\u00edc os\u00f4b na duchovnej konferencii Evanjelick\u00e9ho zdru\u017eenia spolo\u010denstiev. Na konferencii vyst\u00fapil predseda snemovne za CD\u00da\/CS\u00da Volker Kauder. Ods\u00fadil potraty v Nemecku, vyslovil sa za podporu tehotn\u00fdch \u017eien, tvrdo kritizoval z\u00e1kon o eutan\u00e1zii v Holandsku a vyslovil sa, \u017ee tak\u00fdto z\u00e1kon v Nemecku nesmie by\u0165 prijat\u00fd. So znepokojen\u00edm hovoril o slobode kres\u0165anov v Egypte po tzv. arabskej jari. Situ\u00e1ciu pre tamoj\u0161\u00edch kres\u0165anov nazval dobou \u013eadovou. Priaznivo sa vyjadril o zlep\u0161enej situ\u00e1cii pre kres\u0165anov v Indii, kde v \u0161t\u00e1te Orissa \u0161t\u00e1t nariadil ochranu kres\u0165ansk\u00fdch budov. Odmietol prijatie Turecka do E\u00da, lebo je na m\u00edle vzdialen\u00e9 od E\u00da v slobode a pr\u00e1vach.<br \/>\nEv. far\u00e1r, evanjeliz\u00e1tor a organiz\u00e1tor PRO CHRIST Ulrich Parzany kritizoval kres\u0165anov v Nemecku, \u017ee nemaj\u00fa odvahu poz\u00fdva\u0165 na kres\u0165ansk\u00e9 podujatia in\u00fdch ob\u010danov. K\u00fdm v in\u00fdch \u0161t\u00e1toch kres\u0165ania za svoju vieru vystavuj\u00fa svoje \u017eivoty, v Nemecku sa kres\u0165ania boja toho, \u017ee bud\u00fa mpri pozvan\u00ed odmietnut\u00ed. Hovoril aj o neslobode zmeny n\u00e1bo\u017eenstva v Nemecku. Uviedol to na pr\u00edklade asi 5 tis\u00edcov moslimov, ktor\u00ed konvertovali na kres\u0165anstvo, no museli sa tajne stret\u00e1va\u0165, lebo im vyhr\u00e1\u017eali zabit\u00edm.Parzany mieni na bud\u00faci rok op\u00e4\u0165 organizova\u0165 rad satelitn\u00fdch programov PRO CHRIST zo \u0160tuttgartu, ktor\u00e9 bud\u00fa vysielan\u00e9 do vy\u0161e sto miest.<br \/>\nOrganiz\u00e1torom konferencie je Evanjelick\u00e9 zdru\u017eenie spolo\u010denstiev, do ktor\u00e9ho patr\u00ed asi 500 pietistick\u00fdch spolkov vo Wuerttembersku a v bavorskom Allg\u00e4u.<br \/>\n(www.elk-wue.de)<\/p>\n","protected":false},"excerpt":{"rendered":"<p>Vo \u0161tvrtok 1. nov. t.r. sa v \u0160tuttgarte v Porsche Arena zi\u0161lo do 4 tis\u00edc os\u00f4b na duchovnej konferencii Evanjelick\u00e9ho zdru\u017eenia spolo\u010denstiev. Na konferencii vyst\u00fapil predseda snemovne za CD\u00da\/CS\u00da Volker Kauder. Ods\u00fadil potraty v Nemecku, vyslovil sa za podporu tehotn\u00fdch \u017eien, tvrdo kritizoval z\u00e1kon o eutan\u00e1zii v Holandsku a vyslovil sa, \u017ee tak\u00fdto z\u00e1kon v &#8230; <a title=\"4 tis\u00edc \u013eud\u00ed na pietistickej duchovnej konferencii v \u0160tuttgarte\" class=\"read-more\" href=\"https:\/\/www.e-anjelik.sk\/index.php\/2012\/11\/02\/4-tisic-ludi-na-pietistickej-duchovnej-konferencii-v-stuttgarte\/\" aria-label=\"Pre\u010d\u00edtajte si viac o 4 tis\u00edc \u013eud\u00ed na pietistickej duchovnej konferencii v \u0160tuttgarte\">\u010c\u00edta\u0165 viac<\/a><\/p>\n","protected":false},"author":22,"featured_media":0,"comment_status":"open","ping_status":"open","sticky":false,"template":"","format":"standard","meta":{"footnotes":""},"categories":[1],"tags":[234],"class_list":["post-4827","post","type-post","status-publish","format-standard","hentry","category-adventna-modlitba","tag-zdruzenia-a-skupiny"],"_links":{"self":[{"href":"https:\/\/www.e-anjelik.sk\/index.php\/wp-json\/wp\/v2\/posts\/4827","targetHints":{"allow":["GET"]}}],"collection":[{"href":"https:\/\/www.e-anjelik.sk\/index.php\/wp-json\/wp\/v2\/posts"}],"about":[{"href":"https:\/\/www.e-anjelik.sk\/index.php\/wp-json\/wp\/v2\/types\/post"}],"author":[{"embeddable":true,"href":"https:\/\/www.e-anjelik.sk\/index.php\/wp-json\/wp\/v2\/users\/22"}],"replies":[{"embeddable":true,"href":"https:\/\/www.e-anjelik.sk\/index.php\/wp-json\/wp\/v2\/comments?post=4827"}],"version-history":[{"count":0,"href":"https:\/\/www.e-anjelik.sk\/index.php\/wp-json\/wp\/v2\/posts\/4827\/revisions"}],"wp:attachment":[{"href":"https:\/\/www.e-anjelik.sk\/index.php\/wp-json\/wp\/v2\/media?parent=4827"}],"wp:term":[{"taxonomy":"category","embeddable":true,"href":"https:\/\/www.e-anjelik.sk\/index.php\/wp-json\/wp\/v2\/categories?post=4827"},{"taxonomy":"post_tag","embeddable":true,"href":"https:\/\/www.e-anjelik.sk\/index.php\/wp-json\/wp\/v2\/tags?post=4827"}],"curies":[{"name":"wp","href":"https:\/\/api.w.org\/{rel}","templated":true}]}}