{"id":4830,"date":"2012-11-03T10:22:14","date_gmt":"2012-11-03T10:22:14","guid":{"rendered":"http:\/\/e-anjelik.sk\/?p=4830"},"modified":"2012-11-03T10:22:14","modified_gmt":"2012-11-03T10:22:14","slug":"bohosluzba-a-konference-k-desetileti-coeny","status":"publish","type":"post","link":"https:\/\/www.e-anjelik.sk\/index.php\/2012\/11\/03\/bohosluzba-a-konference-k-desetileti-coeny\/","title":{"rendered":"Bohoslu\u017eba a konference k desetilet\u00ed Coeny"},"content":{"rendered":"<p>V p\u00e1tek 16. a v sobotu 17. listopadu 2012 prob\u011bhne v Brn\u011b setk\u00e1n\u00ed u p\u0159\u00edle\u017eitosti desetilet\u00ed existence evangelick\u00e9 liturgick\u00e9 iniciativy Coena. Na programu bude d\u011bkovn\u00e1 bohoslu\u017eba a konference o liturgick\u00e9 obnov\u011b.<br \/>\n<!--break--><br \/>\nCoena &#8211; evangelick\u00e1 liturgick\u00e1 iniciativa zve \u0161irokou ve\u0159ejnost na setk\u00e1n\u00ed u p\u0159\u00edle\u017eitosti 10 let sv\u00e9 existence<\/p>\n<p>s c\u00edlem:<br \/>\n&#8211; p\u0159ipomenout si s vd\u011b\u010dnost\u00ed deset let \u017eivota a slu\u017eby iniciativy Coena<br \/>\n&#8211; zrekapitulovat novodob\u00e9 d\u011bjiny liturgick\u00e9 obnovy v \u010desk\u00e9m evangelick\u00e9m prost\u0159ed\u00ed<br \/>\n&#8211; uva\u017eovat o jej\u00edch perspektiv\u00e1ch do budoucna<\/p>\n<p>Program:<\/p>\n<p>p\u00e1tek 16.11.2012 v 18 hodin:<br \/>\nslavnostn\u00ed eucharistick\u00e1 bohoslu\u017eba v Chr\u00e1mu Jana Amose Komensk\u00e9ho (&#8222;\u010cerven\u00e9m kostele&#8220;) v Brn\u011b (Komensk\u00e9ho n\u00e1m.)<\/p>\n<p>sobota 17.11.2012: konference &#8222;Mo\u017enosti a \u00faskal\u00ed liturgick\u00e9 obnovy v evangelick\u00e9 c\u00edrkvi&#8220; na fa\u0159e sboru \u010cCE Brno 1 (Opletalova 6):<\/p>\n<p>9,00 &#8211; liturgick\u00e1 modlitba v kostele Jana Amose Komensk\u00e9ho<br \/>\n10,00 &#8211; p\u0159edn\u00e1\u0161ka docenta Jaroslava Vokouna &#8222;Ot\u00e1zky nad liturgickou obnovou&#8220;<br \/>\n11,15 &#8211; panelov\u00e1 diskuse &#8222;Perspektivy liturgick\u00e9 obnovy&#8220; (J. Vokoun, J. \u0160tefan, M. Luk\u00e1\u0161ek nebo P. \u010cern\u00fd)<br \/>\n13,15 &#8211; neform\u00e1ln\u00ed setk\u00e1n\u00ed u ob\u010derstven\u00ed<br \/>\n14,00 &#8211; liturgick\u00e1 modlitba v kostele Jana Amose Komensk\u00e9ho<\/p>\n<p>Vstup je voln\u00fd.<\/p>\n<p>http:\/\/www.coena.cz\/<\/p>\n","protected":false},"excerpt":{"rendered":"<p>V p\u00e1tek 16. a v sobotu 17. listopadu 2012 prob\u011bhne v Brn\u011b setk\u00e1n\u00ed u p\u0159\u00edle\u017eitosti desetilet\u00ed existence evangelick\u00e9 liturgick\u00e9 iniciativy Coena. Na programu bude d\u011bkovn\u00e1 bohoslu\u017eba a konference o liturgick\u00e9 obnov\u011b. Coena &#8211; evangelick\u00e1 liturgick\u00e1 iniciativa zve \u0161irokou ve\u0159ejnost na setk\u00e1n\u00ed u p\u0159\u00edle\u017eitosti 10 let sv\u00e9 existence s c\u00edlem: &#8211; p\u0159ipomenout si s vd\u011b\u010dnost\u00ed deset &#8230; <a title=\"Bohoslu\u017eba a konference k desetilet\u00ed Coeny\" class=\"read-more\" href=\"https:\/\/www.e-anjelik.sk\/index.php\/2012\/11\/03\/bohosluzba-a-konference-k-desetileti-coeny\/\" aria-label=\"Pre\u010d\u00edtajte si viac o Bohoslu\u017eba a konference k desetilet\u00ed Coeny\">\u010c\u00edta\u0165 viac<\/a><\/p>\n","protected":false},"author":44,"featured_media":0,"comment_status":"open","ping_status":"open","sticky":false,"template":"","format":"standard","meta":{"footnotes":""},"categories":[25],"tags":[312],"class_list":["post-4830","post","type-post","status-publish","format-standard","hentry","category-liturgia","tag-liturgicke-alternativy"],"_links":{"self":[{"href":"https:\/\/www.e-anjelik.sk\/index.php\/wp-json\/wp\/v2\/posts\/4830","targetHints":{"allow":["GET"]}}],"collection":[{"href":"https:\/\/www.e-anjelik.sk\/index.php\/wp-json\/wp\/v2\/posts"}],"about":[{"href":"https:\/\/www.e-anjelik.sk\/index.php\/wp-json\/wp\/v2\/types\/post"}],"author":[{"embeddable":true,"href":"https:\/\/www.e-anjelik.sk\/index.php\/wp-json\/wp\/v2\/users\/44"}],"replies":[{"embeddable":true,"href":"https:\/\/www.e-anjelik.sk\/index.php\/wp-json\/wp\/v2\/comments?post=4830"}],"version-history":[{"count":0,"href":"https:\/\/www.e-anjelik.sk\/index.php\/wp-json\/wp\/v2\/posts\/4830\/revisions"}],"wp:attachment":[{"href":"https:\/\/www.e-anjelik.sk\/index.php\/wp-json\/wp\/v2\/media?parent=4830"}],"wp:term":[{"taxonomy":"category","embeddable":true,"href":"https:\/\/www.e-anjelik.sk\/index.php\/wp-json\/wp\/v2\/categories?post=4830"},{"taxonomy":"post_tag","embeddable":true,"href":"https:\/\/www.e-anjelik.sk\/index.php\/wp-json\/wp\/v2\/tags?post=4830"}],"curies":[{"name":"wp","href":"https:\/\/api.w.org\/{rel}","templated":true}]}}