{"id":4832,"date":"2012-11-05T09:54:47","date_gmt":"2012-11-05T09:54:47","guid":{"rendered":"http:\/\/e-anjelik.sk\/?p=4832"},"modified":"2012-11-05T09:54:47","modified_gmt":"2012-11-05T09:54:47","slug":"jesenne-dni-mladeze-vo-finsku","status":"publish","type":"post","link":"https:\/\/www.e-anjelik.sk\/index.php\/2012\/11\/05\/jesenne-dni-mladeze-vo-finsku\/","title":{"rendered":"Jesenn\u00e9 dni ml\u00e1de\u017ee vo F\u00ednsku"},"content":{"rendered":"<p>V d\u0148och 2.-4. novembra 2012 sa v Toijala,F\u00ednsko konali tzv. jesenn\u00e9 dni ml\u00e1de\u017ee hovoriacich \u0161v\u00e9dsky vo F\u00ednsku. Zi\u0161lo sa ich tam 700. Po\u010das t\u00fdchto dn\u00ed mlad\u00ed mali reflektova\u0165, \u010do je v ich vlastnom \u017eivote bezpe\u010dnos\u0165ou: je to Boh, mama, oni sami alebo zmes toho v\u0161etk\u00e9ho. Prostriedkami na rozm\u00fd\u0161\u013eanie boli rozhovory, pobo\u017enosti, bohoslu\u017eby, tvoriv\u00e9 dielne a hudba. Hlavn\u00fdm re\u010dn\u00edkom bol komik Johan Grund\u00e9n z Udevalla, \u0160v\u00e9dsko. Cel\u00fa akciu riadili a viedli far\u00e1rka Maria Sundblom- Lindberg a ved\u00faci pr\u00e1ce s ml\u00e1de\u017eou Mats Fontell. Jesenn\u00e9 dni zorganizoval Zv\u00e4z kres\u0165ansk\u00fdch \u0161tudentov (FKS) zalo\u017een\u00fd roku 1947, ktor\u00fd tak\u00e9to akcie pravidelne kon\u00e1va od roku 1950.<br \/>\n(evl.fi)<\/p>\n","protected":false},"excerpt":{"rendered":"<p>V d\u0148och 2.-4. novembra 2012 sa v Toijala,F\u00ednsko konali tzv. jesenn\u00e9 dni ml\u00e1de\u017ee hovoriacich \u0161v\u00e9dsky vo F\u00ednsku. Zi\u0161lo sa ich tam 700. Po\u010das t\u00fdchto dn\u00ed mlad\u00ed mali reflektova\u0165, \u010do je v ich vlastnom \u017eivote bezpe\u010dnos\u0165ou: je to Boh, mama, oni sami alebo zmes toho v\u0161etk\u00e9ho. Prostriedkami na rozm\u00fd\u0161\u013eanie boli rozhovory, pobo\u017enosti, bohoslu\u017eby, tvoriv\u00e9 dielne a &#8230; <a title=\"Jesenn\u00e9 dni ml\u00e1de\u017ee vo F\u00ednsku\" class=\"read-more\" href=\"https:\/\/www.e-anjelik.sk\/index.php\/2012\/11\/05\/jesenne-dni-mladeze-vo-finsku\/\" aria-label=\"Pre\u010d\u00edtajte si viac o Jesenn\u00e9 dni ml\u00e1de\u017ee vo F\u00ednsku\">\u010c\u00edta\u0165 viac<\/a><\/p>\n","protected":false},"author":22,"featured_media":0,"comment_status":"open","ping_status":"open","sticky":false,"template":"","format":"standard","meta":{"footnotes":""},"categories":[1],"tags":[187,234],"class_list":["post-4832","post","type-post","status-publish","format-standard","hentry","category-adventna-modlitba","tag-mladez-3","tag-zdruzenia-a-skupiny"],"_links":{"self":[{"href":"https:\/\/www.e-anjelik.sk\/index.php\/wp-json\/wp\/v2\/posts\/4832","targetHints":{"allow":["GET"]}}],"collection":[{"href":"https:\/\/www.e-anjelik.sk\/index.php\/wp-json\/wp\/v2\/posts"}],"about":[{"href":"https:\/\/www.e-anjelik.sk\/index.php\/wp-json\/wp\/v2\/types\/post"}],"author":[{"embeddable":true,"href":"https:\/\/www.e-anjelik.sk\/index.php\/wp-json\/wp\/v2\/users\/22"}],"replies":[{"embeddable":true,"href":"https:\/\/www.e-anjelik.sk\/index.php\/wp-json\/wp\/v2\/comments?post=4832"}],"version-history":[{"count":0,"href":"https:\/\/www.e-anjelik.sk\/index.php\/wp-json\/wp\/v2\/posts\/4832\/revisions"}],"wp:attachment":[{"href":"https:\/\/www.e-anjelik.sk\/index.php\/wp-json\/wp\/v2\/media?parent=4832"}],"wp:term":[{"taxonomy":"category","embeddable":true,"href":"https:\/\/www.e-anjelik.sk\/index.php\/wp-json\/wp\/v2\/categories?post=4832"},{"taxonomy":"post_tag","embeddable":true,"href":"https:\/\/www.e-anjelik.sk\/index.php\/wp-json\/wp\/v2\/tags?post=4832"}],"curies":[{"name":"wp","href":"https:\/\/api.w.org\/{rel}","templated":true}]}}