{"id":4848,"date":"2012-11-08T09:01:34","date_gmt":"2012-11-08T09:01:34","guid":{"rendered":"http:\/\/e-anjelik.sk\/?p=4848"},"modified":"2012-11-08T09:01:34","modified_gmt":"2012-11-08T09:01:34","slug":"na-zaciatku-bolo-slovo","status":"publish","type":"post","link":"https:\/\/www.e-anjelik.sk\/index.php\/2012\/11\/08\/na-zaciatku-bolo-slovo\/","title":{"rendered":"&#8222;Na za\u010diatku bolo SLOVO&#8220;"},"content":{"rendered":"<p>V stredu 7. novembra 2012 sa skon\u010dilo v\u00fdro\u010dn\u00e9 zasadnutie EKD. Na z\u00e1ver prijala synoda vyhl\u00e1senie s n\u00e1zvom &#8222;Na za\u010diatku bolo Slovo&#8220;, v ktorom vyz\u00fdva cirkev na obnovu viery v pr\u00edprave na jubilejn\u00e9 oslavy 500. v\u00fdro\u010dia reform\u00e1cie v r. 2017. V druhom vyhl\u00e1sen\u00ed zauj\u00edma stanovisko k pravicov\u00e9mu extr\u00e9mizmu a po\u017eaduje \u013eudsk\u00e9 zaobch\u00e1dzanie s ute\u010dencami v Nemecku.<br \/>\n(www.nordkirche.de)<\/p>\n","protected":false},"excerpt":{"rendered":"<p>V stredu 7. novembra 2012 sa skon\u010dilo v\u00fdro\u010dn\u00e9 zasadnutie EKD. Na z\u00e1ver prijala synoda vyhl\u00e1senie s n\u00e1zvom &#8222;Na za\u010diatku bolo Slovo&#8220;, v ktorom vyz\u00fdva cirkev na obnovu viery v pr\u00edprave na jubilejn\u00e9 oslavy 500. v\u00fdro\u010dia reform\u00e1cie v r. 2017. V druhom vyhl\u00e1sen\u00ed zauj\u00edma stanovisko k pravicov\u00e9mu extr\u00e9mizmu a po\u017eaduje \u013eudsk\u00e9 zaobch\u00e1dzanie s ute\u010dencami v Nemecku. &#8230; <a title=\"&#8222;Na za\u010diatku bolo SLOVO&#8220;\" class=\"read-more\" href=\"https:\/\/www.e-anjelik.sk\/index.php\/2012\/11\/08\/na-zaciatku-bolo-slovo\/\" aria-label=\"Pre\u010d\u00edtajte si viac o &#8222;Na za\u010diatku bolo SLOVO&#8220;\">\u010c\u00edta\u0165 viac<\/a><\/p>\n","protected":false},"author":22,"featured_media":0,"comment_status":"open","ping_status":"open","sticky":false,"template":"","format":"standard","meta":{"footnotes":""},"categories":[9,10],"tags":[],"class_list":["post-4848","post","type-post","status-publish","format-standard","hentry","category-europa","category-zo-sveta"],"_links":{"self":[{"href":"https:\/\/www.e-anjelik.sk\/index.php\/wp-json\/wp\/v2\/posts\/4848","targetHints":{"allow":["GET"]}}],"collection":[{"href":"https:\/\/www.e-anjelik.sk\/index.php\/wp-json\/wp\/v2\/posts"}],"about":[{"href":"https:\/\/www.e-anjelik.sk\/index.php\/wp-json\/wp\/v2\/types\/post"}],"author":[{"embeddable":true,"href":"https:\/\/www.e-anjelik.sk\/index.php\/wp-json\/wp\/v2\/users\/22"}],"replies":[{"embeddable":true,"href":"https:\/\/www.e-anjelik.sk\/index.php\/wp-json\/wp\/v2\/comments?post=4848"}],"version-history":[{"count":0,"href":"https:\/\/www.e-anjelik.sk\/index.php\/wp-json\/wp\/v2\/posts\/4848\/revisions"}],"wp:attachment":[{"href":"https:\/\/www.e-anjelik.sk\/index.php\/wp-json\/wp\/v2\/media?parent=4848"}],"wp:term":[{"taxonomy":"category","embeddable":true,"href":"https:\/\/www.e-anjelik.sk\/index.php\/wp-json\/wp\/v2\/categories?post=4848"},{"taxonomy":"post_tag","embeddable":true,"href":"https:\/\/www.e-anjelik.sk\/index.php\/wp-json\/wp\/v2\/tags?post=4848"}],"curies":[{"name":"wp","href":"https:\/\/api.w.org\/{rel}","templated":true}]}}