{"id":4857,"date":"2012-11-10T11:46:14","date_gmt":"2012-11-10T11:46:14","guid":{"rendered":"http:\/\/e-anjelik.sk\/?p=4857"},"modified":"2012-11-10T11:46:14","modified_gmt":"2012-11-10T11:46:14","slug":"evanjelicky-sobas-v-kostole-kedy-a-za-akych-podmienok","status":"publish","type":"post","link":"https:\/\/www.e-anjelik.sk\/index.php\/2012\/11\/10\/evanjelicky-sobas-v-kostole-kedy-a-za-akych-podmienok\/","title":{"rendered":"Evanjelick\u00fd sob\u00e1\u0161 v kostole kedy a za ak\u00fdch podmienok"},"content":{"rendered":"<p>V\u010dera (9.nov.) som v jednom denn\u00edku uvidel  2 fotografie z evanjelick\u00e9ho sob\u00e1\u0161a v kostole, hne\u010f som zbystril pozornos\u0165 a za\u010dal \u010d\u00edta\u0165 inform\u00e1ciu pod n\u00edm: nu\u017e, bol som \u0161okovan\u00fd. Po \u0161tvrt\u00fd raz sa sob\u00e1\u0161il exprim\u00e1tor B.B. a b\u00fdval\u00fd boss odbor\u00e1rov Ivan Saktor. Pani far\u00e1rku na fotografii som nepoznal, ale za\u010dal som p\u00e1tra\u0165 na internete po \u010fal\u0161\u00edch inform\u00e1ci\u00e1ch, oplatilo sa. Sob\u00e1\u0161 sa konal v sobotu 20. okt\u00f3bra 2012 v historickom a pamiatkovo chr\u00e1nenom hronseckom artikul\u00e1rnom chr\u00e1me. Z inform\u00e1cie som bol u\u017e m\u00fadrej\u0161\u00ed , lebo st\u00e1lo tam, \u017ee je to prv\u00fd sob\u00e1\u0161 Saktora v kostole. Aj tak neviem, ak\u00e9 s\u00fa u n\u00e1s v s\u00fa\u010dasnosti cirkevn\u00e9 predpisy pri ev. sob\u00e1\u0161i v kostole pre rozveden\u00fdch. Ale aj ke\u010f to boli sob\u00e1\u0161e ob\u010dianske, predsa len je to siln\u00e1 k\u00e1va- \u0161tvrt\u00e9 man\u017eelstvo,( hoci jedna man\u017eelka mu zomrela). P\u00e1n Saktor m\u00e1 svojsk\u00fa mor\u00e1lku, ke\u010f pred dvoma rokmi u\u017e mal zn\u00e1mos\u0165 s teraj\u0161ou mladuchou, no napriek tomu sa mu narodil neman\u017eelsk\u00fd syn s istou novin\u00e1rkou. Vtedy vraj povedal novin\u00e1rom: Je to protiz\u00e1konn\u00e9? Proti ob\u010dianskym z\u00e1konom asi nie, ale proti Bo\u017e\u00edm \u00e1no. <\/p>\n","protected":false},"excerpt":{"rendered":"<p>V\u010dera (9.nov.) som v jednom denn\u00edku uvidel 2 fotografie z evanjelick\u00e9ho sob\u00e1\u0161a v kostole, hne\u010f som zbystril pozornos\u0165 a za\u010dal \u010d\u00edta\u0165 inform\u00e1ciu pod n\u00edm: nu\u017e, bol som \u0161okovan\u00fd. Po \u0161tvrt\u00fd raz sa sob\u00e1\u0161il exprim\u00e1tor B.B. a b\u00fdval\u00fd boss odbor\u00e1rov Ivan Saktor. Pani far\u00e1rku na fotografii som nepoznal, ale za\u010dal som p\u00e1tra\u0165 na internete po \u010fal\u0161\u00edch &#8230; <a title=\"Evanjelick\u00fd sob\u00e1\u0161 v kostole kedy a za ak\u00fdch podmienok\" class=\"read-more\" href=\"https:\/\/www.e-anjelik.sk\/index.php\/2012\/11\/10\/evanjelicky-sobas-v-kostole-kedy-a-za-akych-podmienok\/\" aria-label=\"Pre\u010d\u00edtajte si viac o Evanjelick\u00fd sob\u00e1\u0161 v kostole kedy a za ak\u00fdch podmienok\">\u010c\u00edta\u0165 viac<\/a><\/p>\n","protected":false},"author":22,"featured_media":0,"comment_status":"open","ping_status":"open","sticky":false,"template":"","format":"standard","meta":{"footnotes":""},"categories":[1],"tags":[313],"class_list":["post-4857","post","type-post","status-publish","format-standard","hentry","category-adventna-modlitba","tag-sobase-rozvedenych"],"_links":{"self":[{"href":"https:\/\/www.e-anjelik.sk\/index.php\/wp-json\/wp\/v2\/posts\/4857","targetHints":{"allow":["GET"]}}],"collection":[{"href":"https:\/\/www.e-anjelik.sk\/index.php\/wp-json\/wp\/v2\/posts"}],"about":[{"href":"https:\/\/www.e-anjelik.sk\/index.php\/wp-json\/wp\/v2\/types\/post"}],"author":[{"embeddable":true,"href":"https:\/\/www.e-anjelik.sk\/index.php\/wp-json\/wp\/v2\/users\/22"}],"replies":[{"embeddable":true,"href":"https:\/\/www.e-anjelik.sk\/index.php\/wp-json\/wp\/v2\/comments?post=4857"}],"version-history":[{"count":0,"href":"https:\/\/www.e-anjelik.sk\/index.php\/wp-json\/wp\/v2\/posts\/4857\/revisions"}],"wp:attachment":[{"href":"https:\/\/www.e-anjelik.sk\/index.php\/wp-json\/wp\/v2\/media?parent=4857"}],"wp:term":[{"taxonomy":"category","embeddable":true,"href":"https:\/\/www.e-anjelik.sk\/index.php\/wp-json\/wp\/v2\/categories?post=4857"},{"taxonomy":"post_tag","embeddable":true,"href":"https:\/\/www.e-anjelik.sk\/index.php\/wp-json\/wp\/v2\/tags?post=4857"}],"curies":[{"name":"wp","href":"https:\/\/api.w.org\/{rel}","templated":true}]}}