{"id":4864,"date":"2012-11-13T07:55:02","date_gmt":"2012-11-13T07:55:02","guid":{"rendered":"http:\/\/e-anjelik.sk\/?p=4864"},"modified":"2012-11-13T07:55:02","modified_gmt":"2012-11-13T07:55:02","slug":"13-november","status":"publish","type":"post","link":"https:\/\/www.e-anjelik.sk\/index.php\/2012\/11\/13\/13-november\/","title":{"rendered":"13. NOVEMBER"},"content":{"rendered":"<p>                                                               13. NOVEMBER<\/p>\n<p>Ale keby sme aj my, alebo keby v\u00e1m anjel z neba zvestoval in\u00e9 evanjelium miesto toho, ktor\u00e9 sme v\u00e1m my zvestovali, &#8211; nech je prekliaty!<\/p>\n<p>                                                                                                                                                     Galatsk\u00fdm 1, 8<\/p>\n<p>      Mus\u00ed\u0161 budova\u0165 pevne  a bezpe\u010dne na Bo\u017eom slove, aby , ak by som sa aj pobl\u00e1znil \u2013 kie\u017e to Boh nedopust\u00ed, &#8211;  a odvol\u00e1val a zapieral svoje u\u010denie, aby si teda neodst\u00fapil od prav\u00e9ho u\u010denia, ale povedal:<br \/>\n        Keby aj s\u00e1m *L u t h e r , alebo anjel z neba in\u00e9 u\u010dil, nech je prekliaty!<br \/>\n     Lebo ty nem\u00e1\u0161 by\u0165 Lutherov\u00fdm, ale Kristov\u00fdm \u017eiakom a bez v\u00e1hania prij\u00edma\u0165, \u017ee je to Bo\u017eie slovo, aj keby sa hne\u010f cel\u00fd svet proti nemu postavil.<br \/>\n     M\u00e1\u0161 pred sebou umieranie a prenasledovanie: v tom oh\u013eade \u0165a nem\u00f4\u017eem zast\u00fapi\u0165, ani ty m\u0148a. To mus\u00ed prebojova\u0165 ka\u017ed\u00fd s\u00e1m za seba, prekona\u0165 diabla, smr\u0165 a svet. Ak sa v neistote obzer\u00e1\u0161 nejak\u00fd \u010das, kde som, alebo ja, kde si ty, a d\u00e1\u0161 sa ovplyv\u0148ova\u0165, ak by som ja, alebo niekto in\u00fd tu na zemi hovoril inak, u\u017e si straten\u00fd a Slovo ti zo srdca vypadlo.  Lebo nebuduje\u0161 na SLOVE, le\u017e na mne, \u010di niekom inom; tu niet veru nijakej pomoci.<\/p>\n<p>                       M a r t i n  L u t h e r : Smerovn\u00edk kres\u0165anskej cesty<\/p>\n","protected":false},"excerpt":{"rendered":"<p>13. NOVEMBER Ale keby sme aj my, alebo keby v\u00e1m anjel z neba zvestoval in\u00e9 evanjelium miesto toho, ktor\u00e9 sme v\u00e1m my zvestovali, &#8211; nech je prekliaty! Galatsk\u00fdm 1, 8 Mus\u00ed\u0161 budova\u0165 pevne a bezpe\u010dne na Bo\u017eom slove, aby , ak by som sa aj pobl\u00e1znil \u2013 kie\u017e to Boh nedopust\u00ed, &#8211; a odvol\u00e1val a &#8230; <a title=\"13. NOVEMBER\" class=\"read-more\" href=\"https:\/\/www.e-anjelik.sk\/index.php\/2012\/11\/13\/13-november\/\" aria-label=\"Pre\u010d\u00edtajte si viac o 13. NOVEMBER\">\u010c\u00edta\u0165 viac<\/a><\/p>\n","protected":false},"author":4,"featured_media":0,"comment_status":"open","ping_status":"open","sticky":false,"template":"","format":"standard","meta":{"footnotes":""},"categories":[1],"tags":[],"class_list":["post-4864","post","type-post","status-publish","format-standard","hentry","category-adventna-modlitba"],"_links":{"self":[{"href":"https:\/\/www.e-anjelik.sk\/index.php\/wp-json\/wp\/v2\/posts\/4864","targetHints":{"allow":["GET"]}}],"collection":[{"href":"https:\/\/www.e-anjelik.sk\/index.php\/wp-json\/wp\/v2\/posts"}],"about":[{"href":"https:\/\/www.e-anjelik.sk\/index.php\/wp-json\/wp\/v2\/types\/post"}],"author":[{"embeddable":true,"href":"https:\/\/www.e-anjelik.sk\/index.php\/wp-json\/wp\/v2\/users\/4"}],"replies":[{"embeddable":true,"href":"https:\/\/www.e-anjelik.sk\/index.php\/wp-json\/wp\/v2\/comments?post=4864"}],"version-history":[{"count":0,"href":"https:\/\/www.e-anjelik.sk\/index.php\/wp-json\/wp\/v2\/posts\/4864\/revisions"}],"wp:attachment":[{"href":"https:\/\/www.e-anjelik.sk\/index.php\/wp-json\/wp\/v2\/media?parent=4864"}],"wp:term":[{"taxonomy":"category","embeddable":true,"href":"https:\/\/www.e-anjelik.sk\/index.php\/wp-json\/wp\/v2\/categories?post=4864"},{"taxonomy":"post_tag","embeddable":true,"href":"https:\/\/www.e-anjelik.sk\/index.php\/wp-json\/wp\/v2\/tags?post=4864"}],"curies":[{"name":"wp","href":"https:\/\/api.w.org\/{rel}","templated":true}]}}