{"id":4872,"date":"2012-11-14T09:23:01","date_gmt":"2012-11-14T09:23:01","guid":{"rendered":"http:\/\/e-anjelik.sk\/?p=4872"},"modified":"2012-11-14T09:23:01","modified_gmt":"2012-11-14T09:23:01","slug":"tradicne-trojstretnutie-senioratov-vo-velkej","status":"publish","type":"post","link":"https:\/\/www.e-anjelik.sk\/index.php\/2012\/11\/14\/tradicne-trojstretnutie-senioratov-vo-velkej\/","title":{"rendered":"Tradi\u010dn\u00e9 trojstretnutie senior\u00e1tov vo Ve\u013ekej"},"content":{"rendered":"<p>Vo Ve\u013ekej nad Veli\u010dkou sa uskuto\u010dnilo (12. 11. 12) tradi\u010dn\u00e9 trojstretnutie duchovn\u00fdch z  t r o c h  s e n io r \u00e1 t o v: Juhomoravsk\u00e9ho \u010ceskobratskej cirkvi evanjelickej, Pova\u017esk\u00e9ho  a Myjavsk\u00e9ho z ECAV. Obohaten\u00edm \u00favodn\u00fdch SLB bolo prij\u00edmanie VP, pri ktorej sa pou\u017eili prvky z liturie oboch cirkv\u00ed. Pri prij\u00edman\u00ed bol pou\u017eit\u00fd kvasen\u00fd chlieb a \u010derven\u00e9 v\u00edno, ako je u \u010deskobratk\u00fdch be\u017en\u00e9. K\u00e1zal Dr.J.Filo z ECAV. Predn\u00e1\u0161ku na t\u00e9mu : SEKULARIZ\u00c1CIA- inak, povedal  em.dekan a prof.V Trojan.  O zauj\u00edmavom poh\u013eade prof. Trojana na s\u00fa\u010dasn\u00fa postupuj\u00facu sekulariz\u00e1ciu zn\u00e1mu v kres\u0165, krajin\u00e1ch sa popoludn\u00ed diskutovalo v troch skupin\u00e1ch.<br \/>\n      Tieto stretnutia troch senior\u00e1tov v jesenom obdob\u00ed  striedavo v \u010cR a SR vznikli e\u0161te pred rozdelen\u00edm republiky  a p\u00fataj\u00fa z\u00e1ujem star\u0161\u00edch i mlad\u0161\u00edch gener\u00e1ci\u00ed duchovn\u00fdch oboch cirkv\u00ed.<\/p>\n","protected":false},"excerpt":{"rendered":"<p>Vo Ve\u013ekej nad Veli\u010dkou sa uskuto\u010dnilo (12. 11. 12) tradi\u010dn\u00e9 trojstretnutie duchovn\u00fdch z t r o c h s e n io r \u00e1 t o v: Juhomoravsk\u00e9ho \u010ceskobratskej cirkvi evanjelickej, Pova\u017esk\u00e9ho a Myjavsk\u00e9ho z ECAV. Obohaten\u00edm \u00favodn\u00fdch SLB bolo prij\u00edmanie VP, pri ktorej sa pou\u017eili prvky z liturie oboch cirkv\u00ed. Pri prij\u00edman\u00ed bol pou\u017eit\u00fd &#8230; <a title=\"Tradi\u010dn\u00e9 trojstretnutie senior\u00e1tov vo Ve\u013ekej\" class=\"read-more\" href=\"https:\/\/www.e-anjelik.sk\/index.php\/2012\/11\/14\/tradicne-trojstretnutie-senioratov-vo-velkej\/\" aria-label=\"Pre\u010d\u00edtajte si viac o Tradi\u010dn\u00e9 trojstretnutie senior\u00e1tov vo Ve\u013ekej\">\u010c\u00edta\u0165 viac<\/a><\/p>\n","protected":false},"author":4,"featured_media":0,"comment_status":"open","ping_status":"open","sticky":false,"template":"","format":"standard","meta":{"footnotes":""},"categories":[1],"tags":[],"class_list":["post-4872","post","type-post","status-publish","format-standard","hentry","category-adventna-modlitba"],"_links":{"self":[{"href":"https:\/\/www.e-anjelik.sk\/index.php\/wp-json\/wp\/v2\/posts\/4872","targetHints":{"allow":["GET"]}}],"collection":[{"href":"https:\/\/www.e-anjelik.sk\/index.php\/wp-json\/wp\/v2\/posts"}],"about":[{"href":"https:\/\/www.e-anjelik.sk\/index.php\/wp-json\/wp\/v2\/types\/post"}],"author":[{"embeddable":true,"href":"https:\/\/www.e-anjelik.sk\/index.php\/wp-json\/wp\/v2\/users\/4"}],"replies":[{"embeddable":true,"href":"https:\/\/www.e-anjelik.sk\/index.php\/wp-json\/wp\/v2\/comments?post=4872"}],"version-history":[{"count":0,"href":"https:\/\/www.e-anjelik.sk\/index.php\/wp-json\/wp\/v2\/posts\/4872\/revisions"}],"wp:attachment":[{"href":"https:\/\/www.e-anjelik.sk\/index.php\/wp-json\/wp\/v2\/media?parent=4872"}],"wp:term":[{"taxonomy":"category","embeddable":true,"href":"https:\/\/www.e-anjelik.sk\/index.php\/wp-json\/wp\/v2\/categories?post=4872"},{"taxonomy":"post_tag","embeddable":true,"href":"https:\/\/www.e-anjelik.sk\/index.php\/wp-json\/wp\/v2\/tags?post=4872"}],"curies":[{"name":"wp","href":"https:\/\/api.w.org\/{rel}","templated":true}]}}