{"id":4874,"date":"2012-11-14T21:18:48","date_gmt":"2012-11-14T21:18:48","guid":{"rendered":"http:\/\/e-anjelik.sk\/?p=4874"},"modified":"2012-11-14T21:18:48","modified_gmt":"2012-11-14T21:18:48","slug":"biele-na-ciernom","status":"publish","type":"post","link":"https:\/\/www.e-anjelik.sk\/index.php\/2012\/11\/14\/biele-na-ciernom\/","title":{"rendered":"Biele na \u010diernom"},"content":{"rendered":"<p>&#8220; Dajte sa pou\u010di\u0165 s u d c o v i a  zeme&#8220;- naps\u00edal \u017ealmista u\u017e d\u00e1vno, ale  ve\u013ek\u00e1 \u010das\u0165 slovensk\u00fdch sudco z\u00e1kony Bo\u017eie ne\u010d\u00edta a nepozn\u00e1. <\/p>\n<p>Prezident hlavy \u0161t\u00e1tu G.I. pomenoval posledn\u00fd rozsudok \u00daS SR  o povinnosti  vymenova\u0165  parlamentom zvolen\u00e9ho  gener\u00e1lneho prokur\u00e1tora  \u010c e n t e \u0161 a  za nevykonate\u013en\u00fd. &#8222;Je to  nap\u00edsan\u00e9  biele na \u010diernom!! &#8211; od\u00f4vodnil prezident svoje (ne)konanie.<br \/>\n    Novin\u00e1rka, ktor\u00e1 chcela vysvetli\u0165 nevysvetlite\u013en\u00e9 sa m\u00e1 pod\u013ea G.I. zamyslie\u0165 nad t\u00fdm, \u010di nie je analfabet(ka).<br \/>\nZistili sme, \u017ee  skuto\u010dne nie je ani Ana, ani Betka. Zrejme preto si mysl\u00ed, \u017ee je alfa a  \u017ee by rozsudky  mali by\u0165 p\u00edsan\u00e9  : \u010dierne na bielom, ako to je vo svete be\u017en\u00e9.<\/p>\n","protected":false},"excerpt":{"rendered":"<p>&#8220; Dajte sa pou\u010di\u0165 s u d c o v i a zeme&#8220;- naps\u00edal \u017ealmista u\u017e d\u00e1vno, ale ve\u013ek\u00e1 \u010das\u0165 slovensk\u00fdch sudco z\u00e1kony Bo\u017eie ne\u010d\u00edta a nepozn\u00e1. Prezident hlavy \u0161t\u00e1tu G.I. pomenoval posledn\u00fd rozsudok \u00daS SR o povinnosti vymenova\u0165 parlamentom zvolen\u00e9ho gener\u00e1lneho prokur\u00e1tora \u010c e n t e \u0161 a za nevykonate\u013en\u00fd. &#8222;Je to nap\u00edsan\u00e9 &#8230; <a title=\"Biele na \u010diernom\" class=\"read-more\" href=\"https:\/\/www.e-anjelik.sk\/index.php\/2012\/11\/14\/biele-na-ciernom\/\" aria-label=\"Pre\u010d\u00edtajte si viac o Biele na \u010diernom\">\u010c\u00edta\u0165 viac<\/a><\/p>\n","protected":false},"author":8,"featured_media":0,"comment_status":"open","ping_status":"open","sticky":false,"template":"","format":"standard","meta":{"footnotes":""},"categories":[1],"tags":[288],"class_list":["post-4874","post","type-post","status-publish","format-standard","hentry","category-adventna-modlitba","tag-krestan-a-spolocnost"],"_links":{"self":[{"href":"https:\/\/www.e-anjelik.sk\/index.php\/wp-json\/wp\/v2\/posts\/4874","targetHints":{"allow":["GET"]}}],"collection":[{"href":"https:\/\/www.e-anjelik.sk\/index.php\/wp-json\/wp\/v2\/posts"}],"about":[{"href":"https:\/\/www.e-anjelik.sk\/index.php\/wp-json\/wp\/v2\/types\/post"}],"author":[{"embeddable":true,"href":"https:\/\/www.e-anjelik.sk\/index.php\/wp-json\/wp\/v2\/users\/8"}],"replies":[{"embeddable":true,"href":"https:\/\/www.e-anjelik.sk\/index.php\/wp-json\/wp\/v2\/comments?post=4874"}],"version-history":[{"count":0,"href":"https:\/\/www.e-anjelik.sk\/index.php\/wp-json\/wp\/v2\/posts\/4874\/revisions"}],"wp:attachment":[{"href":"https:\/\/www.e-anjelik.sk\/index.php\/wp-json\/wp\/v2\/media?parent=4874"}],"wp:term":[{"taxonomy":"category","embeddable":true,"href":"https:\/\/www.e-anjelik.sk\/index.php\/wp-json\/wp\/v2\/categories?post=4874"},{"taxonomy":"post_tag","embeddable":true,"href":"https:\/\/www.e-anjelik.sk\/index.php\/wp-json\/wp\/v2\/tags?post=4874"}],"curies":[{"name":"wp","href":"https:\/\/api.w.org\/{rel}","templated":true}]}}