{"id":4879,"date":"2012-11-16T09:59:45","date_gmt":"2012-11-16T09:59:45","guid":{"rendered":"http:\/\/e-anjelik.sk\/?p=4879"},"modified":"2012-11-16T09:59:45","modified_gmt":"2012-11-16T09:59:45","slug":"zastupcovia-cirkvi-do-grecka","status":"publish","type":"post","link":"https:\/\/www.e-anjelik.sk\/index.php\/2012\/11\/16\/zastupcovia-cirkvi-do-grecka\/","title":{"rendered":"Z\u00e1stupcovia cirkv\u00ed do Gr\u00e9cka"},"content":{"rendered":"<p>Deleg\u00e1cia Svetovej rady cirkv\u00ed (SRC) a Konferencie eur\u00f3pskych cirkv\u00ed (KEC) pod veden\u00edm gen. tajomn\u00edka Olava Fykse Tveita pr\u00edde v pondelok 19. novembra na dvojd\u0148ov\u00fa solid\u00e1rnu n\u00e1v\u0161tevu Gr\u00e9cka. Na programe deleg\u00e1cie s\u00fa rozhovory s ministrom zahrani\u010dn\u00fdch vec\u00ed, s ministrom kult\u00fary a n\u00e1bo\u017eensk\u00fdch z\u00e1le\u017eitost\u00ed, s arcibiskupom At\u00e9n a cel\u00e9ho Gr\u00e9cka a s r\u00f4znymi synodaln\u00fdmi skupinami.Napl\u00e1novan\u00e9 s\u00fa n\u00e1v\u0161tevy nieko\u013ek\u00fdch  cirkevn\u00fdch zborov a cirkevn\u00fd obed s chudobn\u00fdmi.<br \/>\n(www.bayern-evangelisch.de)<\/p>\n","protected":false},"excerpt":{"rendered":"<p>Deleg\u00e1cia Svetovej rady cirkv\u00ed (SRC) a Konferencie eur\u00f3pskych cirkv\u00ed (KEC) pod veden\u00edm gen. tajomn\u00edka Olava Fykse Tveita pr\u00edde v pondelok 19. novembra na dvojd\u0148ov\u00fa solid\u00e1rnu n\u00e1v\u0161tevu Gr\u00e9cka. Na programe deleg\u00e1cie s\u00fa rozhovory s ministrom zahrani\u010dn\u00fdch vec\u00ed, s ministrom kult\u00fary a n\u00e1bo\u017eensk\u00fdch z\u00e1le\u017eitost\u00ed, s arcibiskupom At\u00e9n a cel\u00e9ho Gr\u00e9cka a s r\u00f4znymi synodaln\u00fdmi skupinami.Napl\u00e1novan\u00e9 s\u00fa n\u00e1v\u0161tevy &#8230; <a title=\"Z\u00e1stupcovia cirkv\u00ed do Gr\u00e9cka\" class=\"read-more\" href=\"https:\/\/www.e-anjelik.sk\/index.php\/2012\/11\/16\/zastupcovia-cirkvi-do-grecka\/\" aria-label=\"Pre\u010d\u00edtajte si viac o Z\u00e1stupcovia cirkv\u00ed do Gr\u00e9cka\">\u010c\u00edta\u0165 viac<\/a><\/p>\n","protected":false},"author":22,"featured_media":0,"comment_status":"open","ping_status":"open","sticky":false,"template":"","format":"standard","meta":{"footnotes":""},"categories":[2],"tags":[221],"class_list":["post-4879","post","type-post","status-publish","format-standard","hentry","category-ekumena","tag-diakonia"],"_links":{"self":[{"href":"https:\/\/www.e-anjelik.sk\/index.php\/wp-json\/wp\/v2\/posts\/4879","targetHints":{"allow":["GET"]}}],"collection":[{"href":"https:\/\/www.e-anjelik.sk\/index.php\/wp-json\/wp\/v2\/posts"}],"about":[{"href":"https:\/\/www.e-anjelik.sk\/index.php\/wp-json\/wp\/v2\/types\/post"}],"author":[{"embeddable":true,"href":"https:\/\/www.e-anjelik.sk\/index.php\/wp-json\/wp\/v2\/users\/22"}],"replies":[{"embeddable":true,"href":"https:\/\/www.e-anjelik.sk\/index.php\/wp-json\/wp\/v2\/comments?post=4879"}],"version-history":[{"count":0,"href":"https:\/\/www.e-anjelik.sk\/index.php\/wp-json\/wp\/v2\/posts\/4879\/revisions"}],"wp:attachment":[{"href":"https:\/\/www.e-anjelik.sk\/index.php\/wp-json\/wp\/v2\/media?parent=4879"}],"wp:term":[{"taxonomy":"category","embeddable":true,"href":"https:\/\/www.e-anjelik.sk\/index.php\/wp-json\/wp\/v2\/categories?post=4879"},{"taxonomy":"post_tag","embeddable":true,"href":"https:\/\/www.e-anjelik.sk\/index.php\/wp-json\/wp\/v2\/tags?post=4879"}],"curies":[{"name":"wp","href":"https:\/\/api.w.org\/{rel}","templated":true}]}}