{"id":4881,"date":"2012-11-16T10:36:16","date_gmt":"2012-11-16T10:36:16","guid":{"rendered":"http:\/\/e-anjelik.sk\/?p=4881"},"modified":"2012-11-16T10:36:16","modified_gmt":"2012-11-16T10:36:16","slug":"jorg-zink-90-rocny","status":"publish","type":"post","link":"https:\/\/www.e-anjelik.sk\/index.php\/2012\/11\/16\/jorg-zink-90-rocny\/","title":{"rendered":"J\u00f6rg Zink &#8211; 90 ro\u010dn\u00fd"},"content":{"rendered":"<p>22. novembra t.r. sa v \u0160tuttgarte do\u017e\u00edva 90. naroden\u00edn v\u00fdzna\u010dn\u00fd nemeck\u00fd teol\u00f3g s\u00fa\u010dasnosti, spisovate\u013e a publicista, ev. far\u00e1r v.v. J\u00f6rg Zink.V\u00fdznamne ovplyvnil cirkevn\u00fd a duchovn\u00fd \u017eivot vo W\u00fcrttembersku. Krajinsk\u00fd biskup O.July v blaho\u017eelan\u00ed mu o.i. p\u00ed\u0161e:&#8220; V zmysle zvestovania evanjelia ste sa kriticky a v\u00e1\u0161nivo anga\u017eovali za zachovanie stvorenstva, za mier a spravodlivos\u0165, za medzin\u00e1bo\u017eensk\u00fd dial\u00f3g a ekum\u00e9nu.&#8220;<br \/>\n   Na Kirchentagoch pr\u00fadili desa\u0165tis\u00edce, predov\u0161etk\u00fdm mlad\u00fdch, na jeho predn\u00e1\u0161ky a biblick\u00e9 hodiny. Ako TV far\u00e1r mal vy\u0161e stovky pr\u00edhovorov v ARD v rel\u00e1cii &#8222;Slovo k nedeli&#8220;. R. 1965 Zink pripravil a vydal Nov\u00fd z\u00e1kon v jazyku s\u00fa\u010dasnosti, \u010d\u00edm sa stal tento NZ  bestsellerom. Nap\u00edsal takmer 200 kn\u00edh v n\u00e1klade 18 mili\u00f3nov exempl\u00e1rov.Je tie\u017e autorom niektor\u00fdch duchovn\u00fdch piesn\u00ed v Ev. spevn\u00edku EKD. Za svoju pr\u00e1cu a z\u00e1sluhy z\u00edskal viacero ocenen\u00ed .<br \/>\n(www.elk-wue.de)<\/p>\n","protected":false},"excerpt":{"rendered":"<p>22. novembra t.r. sa v \u0160tuttgarte do\u017e\u00edva 90. naroden\u00edn v\u00fdzna\u010dn\u00fd nemeck\u00fd teol\u00f3g s\u00fa\u010dasnosti, spisovate\u013e a publicista, ev. far\u00e1r v.v. J\u00f6rg Zink.V\u00fdznamne ovplyvnil cirkevn\u00fd a duchovn\u00fd \u017eivot vo W\u00fcrttembersku. Krajinsk\u00fd biskup O.July v blaho\u017eelan\u00ed mu o.i. p\u00ed\u0161e:&#8220; V zmysle zvestovania evanjelia ste sa kriticky a v\u00e1\u0161nivo anga\u017eovali za zachovanie stvorenstva, za mier a spravodlivos\u0165, za medzin\u00e1bo\u017eensk\u00fd &#8230; <a title=\"J\u00f6rg Zink &#8211; 90 ro\u010dn\u00fd\" class=\"read-more\" href=\"https:\/\/www.e-anjelik.sk\/index.php\/2012\/11\/16\/jorg-zink-90-rocny\/\" aria-label=\"Pre\u010d\u00edtajte si viac o J\u00f6rg Zink &#8211; 90 ro\u010dn\u00fd\">\u010c\u00edta\u0165 viac<\/a><\/p>\n","protected":false},"author":22,"featured_media":0,"comment_status":"open","ping_status":"open","sticky":false,"template":"","format":"standard","meta":{"footnotes":""},"categories":[1,14],"tags":[],"class_list":["post-4881","post","type-post","status-publish","format-standard","hentry","category-adventna-modlitba","category-osobnosti"],"_links":{"self":[{"href":"https:\/\/www.e-anjelik.sk\/index.php\/wp-json\/wp\/v2\/posts\/4881","targetHints":{"allow":["GET"]}}],"collection":[{"href":"https:\/\/www.e-anjelik.sk\/index.php\/wp-json\/wp\/v2\/posts"}],"about":[{"href":"https:\/\/www.e-anjelik.sk\/index.php\/wp-json\/wp\/v2\/types\/post"}],"author":[{"embeddable":true,"href":"https:\/\/www.e-anjelik.sk\/index.php\/wp-json\/wp\/v2\/users\/22"}],"replies":[{"embeddable":true,"href":"https:\/\/www.e-anjelik.sk\/index.php\/wp-json\/wp\/v2\/comments?post=4881"}],"version-history":[{"count":0,"href":"https:\/\/www.e-anjelik.sk\/index.php\/wp-json\/wp\/v2\/posts\/4881\/revisions"}],"wp:attachment":[{"href":"https:\/\/www.e-anjelik.sk\/index.php\/wp-json\/wp\/v2\/media?parent=4881"}],"wp:term":[{"taxonomy":"category","embeddable":true,"href":"https:\/\/www.e-anjelik.sk\/index.php\/wp-json\/wp\/v2\/categories?post=4881"},{"taxonomy":"post_tag","embeddable":true,"href":"https:\/\/www.e-anjelik.sk\/index.php\/wp-json\/wp\/v2\/tags?post=4881"}],"curies":[{"name":"wp","href":"https:\/\/api.w.org\/{rel}","templated":true}]}}