{"id":4887,"date":"2012-11-19T09:58:48","date_gmt":"2012-11-19T09:58:48","guid":{"rendered":"http:\/\/e-anjelik.sk\/?p=4887"},"modified":"2012-11-19T09:58:48","modified_gmt":"2012-11-19T09:58:48","slug":"novy-arcibiskup-pravoslavnej-cirkvi-na-slovensku","status":"publish","type":"post","link":"https:\/\/www.e-anjelik.sk\/index.php\/2012\/11\/19\/novy-arcibiskup-pravoslavnej-cirkvi-na-slovensku\/","title":{"rendered":"Nov\u00fd arcibiskup Pravosl\u00e1vnej cirkvi na Slovensku"},"content":{"rendered":"<p>Najvy\u0161\u0161\u00edm predstavite\u013eom Pravosl\u00e1vnej cirkvi na Slovensku sa dnes (nede\u013ea 18. nov.2012) ofici\u00e1lne stal pre\u0161ovsk\u00fd arcibiskup Rastislav. <\/p>\n<p>PRE\u0160OV. Najvy\u0161\u0161\u00edm predstavite\u013eom Pravosl\u00e1vnej cirkvi na Slovensku sa dnes ofici\u00e1lne stal pre\u0161ovsk\u00fd arcibiskup Rastislav.<\/p>\n<p>Obrad, po\u010das ktor\u00e9ho sa uskuto\u010dnila biskupsk\u00e1 vysviacka a introniz\u00e1cia, sa konal v Katedr\u00e1lnom chr\u00e1me sv\u00e4t\u00e9ho Alexandra Nevsk\u00e9ho v Pre\u0161ove.<\/p>\n<p>Po smrti arcibiskupa J\u00e1na rozhodovalo o novom biskupovi Eparchi\u00e1lne zhroma\u017edenie Pre\u0161ovskej pravosl\u00e1vnej eparchie, ktor\u00e9 v tajnom hlasovan\u00ed zvolilo otca Rastislava. V\u00f4\u013eu zhroma\u017edenia potvrdila Posv\u00e4tn\u00e1 synoda Pravosl\u00e1vnej cirkvi v \u010desk\u00fdch krajin\u00e1ch a na Slovensku.<\/p>\n<p>Na cirkevnej sl\u00e1vnosti, ktor\u00fa dnes celebroval Kry\u0161tof, arcibiskup pra\u017esk\u00fd, metropolita \u010desk\u00fdch kraj\u00edn a Slovenska, spolo\u010dne s pravosl\u00e1vnymi biskupmi a duchovn\u00fdmi zo Slovenska, Srbska, Ukrajiny, Po\u013eska, prijal otec Rastislav biskupsk\u00fa vysviacku.<\/p>\n<p>Pred stovkami veriacich sl\u00fa\u017eiaci biskupi polo\u017een\u00edm r\u00fak na otca Rastislava prosili Boha, aby prijal dar Sv\u00e4t\u00e9ho Ducha a stal sa biskupom.<\/p>\n<p>N\u00e1sledne na z\u00e1klade uznesenia Posv\u00e4tnej synody metropolita Kry\u0161tof odovzdal vladykovi Rastislavovi \u017eezlo ako symbol jeho arcibiskupskej slu\u017eby.<\/p>\n<p>V zmysle \u00dastavy Pravosl\u00e1vnej cirkvi v \u010desk\u00fdch krajin\u00e1ch a na Slovensku vykon\u00e1va pre\u0161ovsk\u00fd biskup slu\u017ebu arcibiskupa predsedu Metropolitnej rady Pravosl\u00e1vnej cirkvi na Slovensku a \u0161tatut\u00e1ra Pravosl\u00e1vnej cirkvi na Slovensku.<\/p>\n<p>Predov\u0161etk\u00fdm zodpovednos\u0165<\/p>\n<p>Arcibiskup Rastislav uviedol, \u017ee na tento post nastupuje predov\u0161etk\u00fdm s pocitom ve\u013ekej zodpovednosti.<\/p>\n<p>V pr\u00edhovore veriacim povedal, \u017ee s pomocou Je\u017ei\u0161a Krista mo\u017eno zvl\u00e1dnu\u0165 v\u0161etko napriek tomu, \u017ee sa to pre \u013eud\u00ed zd\u00e1 by\u0165 nerie\u0161ite\u013en\u00e9.<\/p>\n<p>Dodal, \u017ee si uvedomuje v\u0161etky probl\u00e9my a zlo\u017eitos\u0165 moment\u00e1lnej situ\u00e1cie cirkevn\u00e9ho a spolo\u010densk\u00e9ho \u017eivota, a preto d\u00fafa, \u017ee sa mu dostane pomoci Bo\u017eej i samotn\u00fdch veriacich.<\/p>\n<p>&#8222;Stojac pred vami, pros\u00edm v\u00e1s v\u0161etk\u00fdch o modlitby a po\u017eehnanie, aby ne\u013eahk\u00e1 cesta slu\u017eby biskupa, po ktorej som sa rozhodol dnes vyda\u0165, na\u0161la raz \u00faspe\u0161n\u00e9 zav\u0155\u0161enie v br\u00e1nach nebesk\u00e9ho kr\u00e1\u013eovstva,&#8220; povedal nov\u00fd arcibiskup.<\/p>\n<p>Pra\u017esk\u00fd arcibiskup Kry\u0161tof za\u017eelal nov\u00e9mu arcibiskupovi, aby bol dobr\u00fdm duchovn\u00fdm pastierom zveren\u00fdm veriacim, aby bol pre v\u0161etk\u00fdch otcom. Vo viacer\u00fdch pr\u00edhovoroch zaznelo slovo ekumenizmus, \u010di ve\u013ek\u00e1 kres\u0165ansk\u00e1 rodina.<\/p>\n<p>&#8222;Kristova cirkev je telo, ktor\u00e9ho odev bol pred tis\u00edc rokmi roztrhan\u00fd, ale telo zostalo jedno. V\u0161etci sme kres\u0165ania, aj ke\u010f n\u00e1s rozde\u013euj\u00fa vierou\u010dn\u00e9 dogmy, mo\u017eno zvyky alebo sp\u00f4sob \u017eivota, ale to neznamen\u00e1, \u017ee sa mus\u00edme nen\u00e1vidie\u0165,&#8220; povedal pre m\u00e9di\u00e1 vladyka Rastislav.<\/p>\n<p>Nov\u00fd pre\u0161ovsk\u00fd pravosl\u00e1vny arcibiskup Rastislav, ob\u010dianskym menom Ondrej Gont, m\u00e1 34 rokov, je absolventom Pravosl\u00e1vnej bohosloveckej fakulty Pre\u0161ovskej univerzity a z\u00fa\u010dastnil sa na viacer\u00fdch zahrani\u010dn\u00fdch st\u00e1\u017each.<\/p>\n<p>Pred zvolen\u00edm pracoval ako duchovn\u00fd v Detskom domove v Medzilaborciach.<\/p>\n<p>( http:\/\/presov.korzar.sme.sk\/)<\/p>\n","protected":false},"excerpt":{"rendered":"<p>Najvy\u0161\u0161\u00edm predstavite\u013eom Pravosl\u00e1vnej cirkvi na Slovensku sa dnes (nede\u013ea 18. nov.2012) ofici\u00e1lne stal pre\u0161ovsk\u00fd arcibiskup Rastislav. PRE\u0160OV. Najvy\u0161\u0161\u00edm predstavite\u013eom Pravosl\u00e1vnej cirkvi na Slovensku sa dnes ofici\u00e1lne stal pre\u0161ovsk\u00fd arcibiskup Rastislav. Obrad, po\u010das ktor\u00e9ho sa uskuto\u010dnila biskupsk\u00e1 vysviacka a introniz\u00e1cia, sa konal v Katedr\u00e1lnom chr\u00e1me sv\u00e4t\u00e9ho Alexandra Nevsk\u00e9ho v Pre\u0161ove. Po smrti arcibiskupa J\u00e1na rozhodovalo o &#8230; <a title=\"Nov\u00fd arcibiskup Pravosl\u00e1vnej cirkvi na Slovensku\" class=\"read-more\" href=\"https:\/\/www.e-anjelik.sk\/index.php\/2012\/11\/19\/novy-arcibiskup-pravoslavnej-cirkvi-na-slovensku\/\" aria-label=\"Pre\u010d\u00edtajte si viac o Nov\u00fd arcibiskup Pravosl\u00e1vnej cirkvi na Slovensku\">\u010c\u00edta\u0165 viac<\/a><\/p>\n","protected":false},"author":22,"featured_media":0,"comment_status":"open","ping_status":"open","sticky":false,"template":"","format":"standard","meta":{"footnotes":""},"categories":[193,2],"tags":[],"class_list":["post-4887","post","type-post","status-publish","format-standard","hentry","category-co-pisu-ini","category-ekumena"],"_links":{"self":[{"href":"https:\/\/www.e-anjelik.sk\/index.php\/wp-json\/wp\/v2\/posts\/4887","targetHints":{"allow":["GET"]}}],"collection":[{"href":"https:\/\/www.e-anjelik.sk\/index.php\/wp-json\/wp\/v2\/posts"}],"about":[{"href":"https:\/\/www.e-anjelik.sk\/index.php\/wp-json\/wp\/v2\/types\/post"}],"author":[{"embeddable":true,"href":"https:\/\/www.e-anjelik.sk\/index.php\/wp-json\/wp\/v2\/users\/22"}],"replies":[{"embeddable":true,"href":"https:\/\/www.e-anjelik.sk\/index.php\/wp-json\/wp\/v2\/comments?post=4887"}],"version-history":[{"count":0,"href":"https:\/\/www.e-anjelik.sk\/index.php\/wp-json\/wp\/v2\/posts\/4887\/revisions"}],"wp:attachment":[{"href":"https:\/\/www.e-anjelik.sk\/index.php\/wp-json\/wp\/v2\/media?parent=4887"}],"wp:term":[{"taxonomy":"category","embeddable":true,"href":"https:\/\/www.e-anjelik.sk\/index.php\/wp-json\/wp\/v2\/categories?post=4887"},{"taxonomy":"post_tag","embeddable":true,"href":"https:\/\/www.e-anjelik.sk\/index.php\/wp-json\/wp\/v2\/tags?post=4887"}],"curies":[{"name":"wp","href":"https:\/\/api.w.org\/{rel}","templated":true}]}}