{"id":4892,"date":"2012-11-21T09:43:48","date_gmt":"2012-11-21T09:43:48","guid":{"rendered":"http:\/\/e-anjelik.sk\/?p=4892"},"modified":"2012-11-21T09:43:48","modified_gmt":"2012-11-21T09:43:48","slug":"diskriminacia-krestanov-v-zapadnej-europe-narasta","status":"publish","type":"post","link":"https:\/\/www.e-anjelik.sk\/index.php\/2012\/11\/21\/diskriminacia-krestanov-v-zapadnej-europe-narasta\/","title":{"rendered":"Diskrimin\u00e1cia kres\u0165anov v Z\u00e1padnej Eur\u00f3pe narast\u00e1"},"content":{"rendered":"<p>Sloboda klres\u0165anov je ohrozovan\u00e1 u\u017e nielen v islamsk\u00fdch \u010di komunistick\u00fdch krajin\u00e1ch, ale aj v Z\u00e1padnej Eur\u00f3pe. Organiz\u00e1cia pre bezpe\u010dnos\u0165 a spolupr\u00e1cu v Eur\u00f3pe (OBSE) so s\u00eddlom vo Viedni cez svoje pozorovate\u013esk\u00e9 miesta za ostatn\u00fdch \u0161es\u0165 rokov zaregistrovala a\u017e 800 pr\u00edpadov diskrimin\u00e1cie. Tak napr. vo V. Brit\u00e1nii za jeden rok ka\u017ed\u00fd druh\u00fd duchovn\u00fd mal sk\u00fasenos\u0165 s diskrimin\u00e1ciou. 95% v\u0161etk\u00fdch protin\u00e1bo\u017eensky motivovan\u00fdch \u010dinov v \u0160k\u00f3tsku bolo zameran\u00fdch proti kres\u0165anom. Vo Franc\u00fazsku boli dve tretiny \u00fato\u010dn\u00fdch aktov zameran\u00fdch na kres\u0165ansk\u00e9 bohoslu\u017eobn\u00e9 miesta.  P\u00e1chate\u013emi s\u00fa zv\u00e4\u010d\u0161a &#8222;radik\u00e1lni \u013eavi\u010diari&#8220;, anarchisti, antifa a protin\u00e1bo\u017eensk\u00e9 skupiny, feministky a homo-aktivisti. Napr. pri demon\u0161tr\u00e1ciach kres\u0165anov sp\u00f4sobuj\u00fa tak\u00fd hluk a lomoz, \u017ee nepo\u010du\u0165 slovo. K tomu pristupuj\u00fa ur\u00e1\u017eliv\u00e9 plag\u00e1ty a hesl\u00e1 , napr.&#8220; H\u00e4tt Maria abgetrieben, w\u00e4r uns viel erspart geblieben.&#8220; Vo\u013ene prelo\u017een\u00e9: &#8222;Keby bola M\u00e1ria potratila, mnoho by sa u\u0161etrilo.&#8220;<br \/>\n(www.idea.de)<\/p>\n","protected":false},"excerpt":{"rendered":"<p>Sloboda klres\u0165anov je ohrozovan\u00e1 u\u017e nielen v islamsk\u00fdch \u010di komunistick\u00fdch krajin\u00e1ch, ale aj v Z\u00e1padnej Eur\u00f3pe. Organiz\u00e1cia pre bezpe\u010dnos\u0165 a spolupr\u00e1cu v Eur\u00f3pe (OBSE) so s\u00eddlom vo Viedni cez svoje pozorovate\u013esk\u00e9 miesta za ostatn\u00fdch \u0161es\u0165 rokov zaregistrovala a\u017e 800 pr\u00edpadov diskrimin\u00e1cie. Tak napr. vo V. Brit\u00e1nii za jeden rok ka\u017ed\u00fd druh\u00fd duchovn\u00fd mal sk\u00fasenos\u0165 s &#8230; <a title=\"Diskrimin\u00e1cia kres\u0165anov v Z\u00e1padnej Eur\u00f3pe narast\u00e1\" class=\"read-more\" href=\"https:\/\/www.e-anjelik.sk\/index.php\/2012\/11\/21\/diskriminacia-krestanov-v-zapadnej-europe-narasta\/\" aria-label=\"Pre\u010d\u00edtajte si viac o Diskrimin\u00e1cia kres\u0165anov v Z\u00e1padnej Eur\u00f3pe narast\u00e1\">\u010c\u00edta\u0165 viac<\/a><\/p>\n","protected":false},"author":22,"featured_media":0,"comment_status":"open","ping_status":"open","sticky":false,"template":"","format":"standard","meta":{"footnotes":""},"categories":[1],"tags":[234],"class_list":["post-4892","post","type-post","status-publish","format-standard","hentry","category-adventna-modlitba","tag-zdruzenia-a-skupiny"],"_links":{"self":[{"href":"https:\/\/www.e-anjelik.sk\/index.php\/wp-json\/wp\/v2\/posts\/4892","targetHints":{"allow":["GET"]}}],"collection":[{"href":"https:\/\/www.e-anjelik.sk\/index.php\/wp-json\/wp\/v2\/posts"}],"about":[{"href":"https:\/\/www.e-anjelik.sk\/index.php\/wp-json\/wp\/v2\/types\/post"}],"author":[{"embeddable":true,"href":"https:\/\/www.e-anjelik.sk\/index.php\/wp-json\/wp\/v2\/users\/22"}],"replies":[{"embeddable":true,"href":"https:\/\/www.e-anjelik.sk\/index.php\/wp-json\/wp\/v2\/comments?post=4892"}],"version-history":[{"count":0,"href":"https:\/\/www.e-anjelik.sk\/index.php\/wp-json\/wp\/v2\/posts\/4892\/revisions"}],"wp:attachment":[{"href":"https:\/\/www.e-anjelik.sk\/index.php\/wp-json\/wp\/v2\/media?parent=4892"}],"wp:term":[{"taxonomy":"category","embeddable":true,"href":"https:\/\/www.e-anjelik.sk\/index.php\/wp-json\/wp\/v2\/categories?post=4892"},{"taxonomy":"post_tag","embeddable":true,"href":"https:\/\/www.e-anjelik.sk\/index.php\/wp-json\/wp\/v2\/tags?post=4892"}],"curies":[{"name":"wp","href":"https:\/\/api.w.org\/{rel}","templated":true}]}}