{"id":4898,"date":"2012-11-22T09:50:07","date_gmt":"2012-11-22T09:50:07","guid":{"rendered":"http:\/\/e-anjelik.sk\/?p=4898"},"modified":"2012-11-22T09:50:07","modified_gmt":"2012-11-22T09:50:07","slug":"22-november","status":"publish","type":"post","link":"https:\/\/www.e-anjelik.sk\/index.php\/2012\/11\/22\/22-november\/","title":{"rendered":"22. NOVEMBER"},"content":{"rendered":"<p>                                                               22. NOVEMBER<\/p>\n<p>Lebo kde sa dvaja alebo traja zhroma\u017edili v mojom mene, tam som medzi nimi.<\/p>\n<p>                                                                                                                                                                      Mat\u00fa\u0161 18, 20<\/p>\n<p>     Omnoho viac a v\u00e4\u010d\u0161\u00edch hriechov sa deje tam, kde s\u00fa \u013eudia sami, ne\u017e tam, kde s\u00fa v spolo\u010denstve s in\u00fdmi \u013eu\u010fmi. Sk\u00fasil som to aj ja s\u00e1m na sebe: nikdy som do v\u00e4\u010d\u0161\u00edch hriechov neklesol, iba vtedy, ke\u010f som bol s\u00e1m.<br \/>\n     Ke\u010f je niekto s\u00e1m, s\u00fastre\u010fuje sa na na nejak\u00fa jednu vec. A ak sa n\u00e1m stalo nie\u010do nepr\u00edjemn\u00e9, zveli\u010dujeme to, bezprostrednej\u0161ie preci\u0165ujeme a rob\u00edme v\u0161etko e\u0161te nepr\u00edjemnej\u0161ie a hor\u0161ie, ne\u017e je v skuto\u010dnosti. Dom\u00fd\u0161\u013eame si, \u017ee niet ne\u0161\u0165astnej\u0161ieho \u010dlovek ne\u017e sme my, a sn\u00edvame o tom, ako zle skon\u010d\u00ed t\u00e1to situ\u00e1cia. Celkove: Ke\u010f sme sami, nap\u00e1daj\u00fa n\u00e1m jedine\u010dn\u00e9 my\u0161lienky, vyklad\u00e1me veci v\u017edy hor\u0161ie ne\u017e s\u00fa, dom\u00fd\u0161\u013eame si, \u017ee in\u00ed \u013eudia s\u00fa omnoho \u0161\u0165astnej\u0161\u00ed ne\u017e sme my, a sp\u00f4sobuje n\u00e1m boles\u0165 pomyslenie, \u017ee in\u00fdm sa vod\u00ed dobre, a my, naopak, zn\u00e1\u0161ame \u017eia\u013e a v\u0161elijak\u00fa n\u00fadzu.<\/p>\n<p>                                                 Martin Luther: Smerovn\u00edk kres\u0165anskej cesty<\/p>\n","protected":false},"excerpt":{"rendered":"<p>22. NOVEMBER Lebo kde sa dvaja alebo traja zhroma\u017edili v mojom mene, tam som medzi nimi. Mat\u00fa\u0161 18, 20 Omnoho viac a v\u00e4\u010d\u0161\u00edch hriechov sa deje tam, kde s\u00fa \u013eudia sami, ne\u017e tam, kde s\u00fa v spolo\u010denstve s in\u00fdmi \u013eu\u010fmi. Sk\u00fasil som to aj ja s\u00e1m na sebe: nikdy som do v\u00e4\u010d\u0161\u00edch hriechov neklesol, iba &#8230; <a title=\"22. NOVEMBER\" class=\"read-more\" href=\"https:\/\/www.e-anjelik.sk\/index.php\/2012\/11\/22\/22-november\/\" aria-label=\"Pre\u010d\u00edtajte si viac o 22. NOVEMBER\">\u010c\u00edta\u0165 viac<\/a><\/p>\n","protected":false},"author":4,"featured_media":0,"comment_status":"open","ping_status":"open","sticky":false,"template":"","format":"standard","meta":{"footnotes":""},"categories":[1],"tags":[],"class_list":["post-4898","post","type-post","status-publish","format-standard","hentry","category-adventna-modlitba"],"_links":{"self":[{"href":"https:\/\/www.e-anjelik.sk\/index.php\/wp-json\/wp\/v2\/posts\/4898","targetHints":{"allow":["GET"]}}],"collection":[{"href":"https:\/\/www.e-anjelik.sk\/index.php\/wp-json\/wp\/v2\/posts"}],"about":[{"href":"https:\/\/www.e-anjelik.sk\/index.php\/wp-json\/wp\/v2\/types\/post"}],"author":[{"embeddable":true,"href":"https:\/\/www.e-anjelik.sk\/index.php\/wp-json\/wp\/v2\/users\/4"}],"replies":[{"embeddable":true,"href":"https:\/\/www.e-anjelik.sk\/index.php\/wp-json\/wp\/v2\/comments?post=4898"}],"version-history":[{"count":0,"href":"https:\/\/www.e-anjelik.sk\/index.php\/wp-json\/wp\/v2\/posts\/4898\/revisions"}],"wp:attachment":[{"href":"https:\/\/www.e-anjelik.sk\/index.php\/wp-json\/wp\/v2\/media?parent=4898"}],"wp:term":[{"taxonomy":"category","embeddable":true,"href":"https:\/\/www.e-anjelik.sk\/index.php\/wp-json\/wp\/v2\/categories?post=4898"},{"taxonomy":"post_tag","embeddable":true,"href":"https:\/\/www.e-anjelik.sk\/index.php\/wp-json\/wp\/v2\/tags?post=4898"}],"curies":[{"name":"wp","href":"https:\/\/api.w.org\/{rel}","templated":true}]}}