{"id":4902,"date":"2012-11-24T11:36:38","date_gmt":"2012-11-24T11:36:38","guid":{"rendered":"http:\/\/e-anjelik.sk\/?p=4902"},"modified":"2012-11-24T11:36:38","modified_gmt":"2012-11-24T11:36:38","slug":"v-omsku-rusko-zasadali-najvyssie-gremia-elc-r-a-zelc","status":"publish","type":"post","link":"https:\/\/www.e-anjelik.sk\/index.php\/2012\/11\/24\/v-omsku-rusko-zasadali-najvyssie-gremia-elc-r-a-zelc\/","title":{"rendered":"V Omsku, Rusko, zasadali najvy\u0161\u0161ie gr\u00e9mia ELC R a ZELC"},"content":{"rendered":"<p>12. a 13. novembra t.r. v Omsku zasadali dve gr\u00e9mia Evanjelicko luter\u00e1nskej cirkvi Ruska (ELC R) a Zv\u00e4zu Evanjelicko luter\u00e1nskych cirkv\u00ed (ZELC) : Rada biskupov ZELC a Gener\u00e1lne konzist\u00f3rium ELC R. Na programe rozhovorov boli ot\u00e1zky pr\u00e1vneho charakteru, person\u00e1lne ot\u00e1zky, finan\u010dn\u00e9, vzdel\u00e1vania teol\u00f3gov, vz\u0165ahy s ELC AV v Rusku a s ELCA.Hovorilo sa aj o zmen\u00e1ch v org\u00e1noch riadenia cirkv\u00ed a ich registr\u00e1cii na Ministerstve just\u00edcie RF.Bud\u00face zasadnutie Rady biskupov bude sa kona\u0165 v m\u00e1ji &#8211; j\u00fani 2013 v Bi\u0161keku, Gener\u00e1lne konzist\u00f3rium v m\u00e1ji 2013. Spolo\u010dn\u00e9 zasadnutie oboch gr\u00e9mii bude v novembri 2013 v Petrohrade.<br \/>\n(www.elkras.ru)<\/p>\n","protected":false},"excerpt":{"rendered":"<p>12. a 13. novembra t.r. v Omsku zasadali dve gr\u00e9mia Evanjelicko luter\u00e1nskej cirkvi Ruska (ELC R) a Zv\u00e4zu Evanjelicko luter\u00e1nskych cirkv\u00ed (ZELC) : Rada biskupov ZELC a Gener\u00e1lne konzist\u00f3rium ELC R. Na programe rozhovorov boli ot\u00e1zky pr\u00e1vneho charakteru, person\u00e1lne ot\u00e1zky, finan\u010dn\u00e9, vzdel\u00e1vania teol\u00f3gov, vz\u0165ahy s ELC AV v Rusku a s ELCA.Hovorilo sa aj o &#8230; <a title=\"V Omsku, Rusko, zasadali najvy\u0161\u0161ie gr\u00e9mia ELC R a ZELC\" class=\"read-more\" href=\"https:\/\/www.e-anjelik.sk\/index.php\/2012\/11\/24\/v-omsku-rusko-zasadali-najvyssie-gremia-elc-r-a-zelc\/\" aria-label=\"Pre\u010d\u00edtajte si viac o V Omsku, Rusko, zasadali najvy\u0161\u0161ie gr\u00e9mia ELC R a ZELC\">\u010c\u00edta\u0165 viac<\/a><\/p>\n","protected":false},"author":22,"featured_media":0,"comment_status":"open","ping_status":"open","sticky":false,"template":"","format":"standard","meta":{"footnotes":""},"categories":[35,10],"tags":[],"class_list":["post-4902","post","type-post","status-publish","format-standard","hentry","category-rusko-a-ine","category-zo-sveta"],"_links":{"self":[{"href":"https:\/\/www.e-anjelik.sk\/index.php\/wp-json\/wp\/v2\/posts\/4902","targetHints":{"allow":["GET"]}}],"collection":[{"href":"https:\/\/www.e-anjelik.sk\/index.php\/wp-json\/wp\/v2\/posts"}],"about":[{"href":"https:\/\/www.e-anjelik.sk\/index.php\/wp-json\/wp\/v2\/types\/post"}],"author":[{"embeddable":true,"href":"https:\/\/www.e-anjelik.sk\/index.php\/wp-json\/wp\/v2\/users\/22"}],"replies":[{"embeddable":true,"href":"https:\/\/www.e-anjelik.sk\/index.php\/wp-json\/wp\/v2\/comments?post=4902"}],"version-history":[{"count":0,"href":"https:\/\/www.e-anjelik.sk\/index.php\/wp-json\/wp\/v2\/posts\/4902\/revisions"}],"wp:attachment":[{"href":"https:\/\/www.e-anjelik.sk\/index.php\/wp-json\/wp\/v2\/media?parent=4902"}],"wp:term":[{"taxonomy":"category","embeddable":true,"href":"https:\/\/www.e-anjelik.sk\/index.php\/wp-json\/wp\/v2\/categories?post=4902"},{"taxonomy":"post_tag","embeddable":true,"href":"https:\/\/www.e-anjelik.sk\/index.php\/wp-json\/wp\/v2\/tags?post=4902"}],"curies":[{"name":"wp","href":"https:\/\/api.w.org\/{rel}","templated":true}]}}