{"id":4904,"date":"2012-11-26T12:20:59","date_gmt":"2012-11-26T12:20:59","guid":{"rendered":"http:\/\/e-anjelik.sk\/?p=4904"},"modified":"2012-11-26T12:20:59","modified_gmt":"2012-11-26T12:20:59","slug":"reakcia-na-vyhlasenie-zboru-biskupov-a-seniorov","status":"publish","type":"post","link":"https:\/\/www.e-anjelik.sk\/index.php\/2012\/11\/26\/reakcia-na-vyhlasenie-zboru-biskupov-a-seniorov\/","title":{"rendered":"Reakcia na Vyhl\u00e1senie Zboru biskupov a seniorov"},"content":{"rendered":"<p>Zverejnen\u00e9 na Facebooku:<\/p>\n<p>Reakcia na Vyhl\u00e1senie Zboru biskupov a seniorov <\/p>\n<p>D\u00f4stojn\u00ed bratia biskupi, vzne\u0161en\u00ed bratia a sestry seniori! S ve\u013ek\u00fdm sklaman\u00edm som si pre\u010d\u00edtal Va\u0161e Vyhl\u00e1senie o mojej \u00fa\u010dasti v rel\u00e1cii TV Mark\u00edza FARMA. Bol\u00ed ma, \u017ee ste V\u00e1\u0161 postoj prezentovali bez akejko\u013evek komunik\u00e1cie so mnou, \u017ee ste nemali z\u00e1ujem o moje vysvetlenie, ale \u017ee ste to okam\u017eite dali do pozornosti celej evanjelickej verejnosti, a to s t\u00fdm, \u017ee ste u \u010ditate\u013eov vzbudili dojem, akoby som svoj\u00edm spr\u00e1van\u00edm bol v na\u0161ej cirkvi t\u00fdm najv\u00e4\u010d\u0161\u00edm hrie\u0161nikom a zvrhl\u00edkom. Bol\u00ed ma to aj preto, \u017ee ma dlh\u00e9 roky pozn\u00e1te ako k\u0148aza, ktor\u00e9mu mimoriadne z\u00e1le\u017e\u00ed na misijnej aktivite na\u0161ej cirkvi a na \u0161\u00edren\u00ed evanjelia aj medzi t\u00fdmi najbiednej\u0161\u00edmi a najzaostalej\u0161\u00edmi \u013eu\u010fmi. Mrz\u00ed ma, \u017ee vo svojom Vyhl\u00e1sen\u00ed p\u00ed\u0161ete, \u017ee ste pohor\u0161en\u00ed a \u017ee sa di\u0161tancujete od m\u00f4jho spr\u00e1vania, pri\u010dom len m\u00e1lokto z V\u00e1s v\u0161etk\u00fdch z\u00fa\u010dastnen\u00fdch spom\u00ednan\u00fa rel\u00e1ciu sledoval. Ak to z V\u00e1s v\u0161ak niekto predsa v telev\u00edzii pozeral a sa mu moja \u00fa\u010das\u0165 alebo moje spr\u00e1vanie v rel\u00e1cii nep\u00e1\u010dili, mohli ste sa najprv so mnou priate\u013esky resp. otcovsky porozpr\u00e1va\u0165, napomen\u00fa\u0165, a nie ma hne\u010f pred v\u0161etk\u00fdmi ods\u00fadi\u0165, a to dokonca za priestupok cirkevn\u00e9ho predpisu, ktor\u00fd vlastne ani neexistuje. Dodnes neviem, \u010do som poru\u0161il. A ani cel\u00fd nasleduj\u00faci t\u00fd\u017ede\u0148 po Va\u0161om Vyhl\u00e1sen\u00ed ste ma ani jeden z V\u00e1s bratov biskupov osobne nijak\u00fdm sp\u00f4sobom nekontaktovali a ne\u017eiadali odo m\u0148a \u010do i len najmen\u0161ie vysvetlenie. Nechali ste ma tak a\u017e do chv\u00edle, ke\u010f som si musel Va\u0161e krut\u00e9 slov\u00e1 pre\u010d\u00edta\u0165 s\u00e1m v m\u00e9di\u00e1ch po tom, ako ma moji \u017eiaci na to upozornili a sa ma p\u00fdtali, \u010do zl\u00e9 som urobil. V Evanjeliu pod\u013ea Mat\u00fa\u0161a sa p\u00ed\u0161e: \u201eKeby tvoj brat zhre\u0161il, cho\u010f a pokarhaj ho medzi \u0161tyrmi o\u010dami. Ak \u0165a posl\u00fachne, z\u00edskal si svojho brata; ak \u0165a neposl\u00fachne, pojmi so sebou e\u0161te jedn\u00e9ho alebo dvoch, aby v\u0161etko bolo zisten\u00e9 svedectvom dvoch alebo troch svedkov. Ak ich neposl\u00fachne, povedz to cirkevn\u00e9mu zboru; ak neposl\u00fachne ani cirkevn\u00fd zbor, nech ti je ako pohan a coln\u00edk.\u201c (Mt 18, 15-17). Toto je \u00faprava, ktor\u00fa n\u00e1m dal pre na\u0161e vz\u0165ahy samotn\u00fd P\u00e1n Je\u017ei\u0161.<br \/>\nVo svojej slu\u017ebe som nikdy neodmietal, ke\u010f ma niekto pozval zvestova\u0165 slovo Bo\u017eie. V\u017edy som to robil s \u00factou vo\u010di evanjeliu, s pokorou, ale aj s rados\u0165ou, \u017ee m\u00f4\u017eem \u013eu\u010fom prin\u00e1\u0161a\u0165 t\u00fa najd\u00f4le\u017eitej\u0161iu zves\u0165 o spasen\u00ed v P\u00e1novi Je\u017ei\u0161ovi Kristovi. Tak to bolo aj vtedy, ke\u010f ma pri\u0161li pozva\u0165 zo \u0161t\u00e1bu telev\u00edzie Mark\u00edza do rel\u00e1cie Farmy, ktor\u00e1 sa nat\u00e1\u010da na na\u0161ich kopaniciach, len skok od mojej fary. Bol som milo prekvapen\u00fd \u017eelan\u00edm telev\u00edzneho \u0161t\u00e1bu, \u201eaby jeden de\u0148 na Farme bol in\u00fd, ako dni be\u017en\u00e9\u201c, aby som pri\u0161iel \u201ebl\u00fadiacim ove\u010dk\u00e1m prinies\u0165 svetlo do temnoty ich \u017eivota\u201c. Niekto by mo\u017eno tak\u00fato prosbu ihne\u010f odmietol so slovami, \u017ee sa s tak\u00fdmi hrie\u0161nikmi ani zaobera\u0165 nebude. Ale to nie je v mojej duchovno-pastierskej povahe. Moje svedomie sa riadi \u017eivotom P\u00e1na Je\u017ei\u0161a, ktor\u00fd neodmietol a neods\u00fadil ani lotra na kr\u00ed\u017ei. Ani ja som neurobil in\u00e9. Zobral som Bibliu a i\u0161iel som. Nie prekl\u00edna\u0165 ani s\u00fadi\u0165. So \u0161t\u00e1bom telev\u00edzie sme sa e\u0161te predt\u00fdm spolu dohodli aj na konkr\u00e9tnej t\u00e9me mojej zvesti: L\u00e1ska, odpustenie a zmierenie, a to s t\u00fdm, \u017ee na konci by sa mohla navodi\u0165 tich\u00e1 atmosf\u00e9ra Pamiatky zosnul\u00fdch.<br \/>\nV\u00f4bec netvrd\u00edm, \u017ee by moja zves\u0165 alebo \u00fa\u010das\u0165 na Farme bola skvel\u00e1 a bezchybn\u00e1, ale som sa sna\u017eil na \u0148u poctivo, s pokorou a najm\u00e4 na modlitb\u00e1ch pripravi\u0165. V\u00e1\u017eil som si, \u017ee za pribli\u017ene 90 min\u00fat (vysielan\u00fdch v telev\u00edzii bolo z toho len asi 10 percent) som mohol pozorne na\u010d\u00favaj\u00facim farm\u00e1rom pre\u010d\u00edta\u0165 viacero biblick\u00fdch cit\u00e1tov najm\u00e4 s obrazmi a prirovnaniami z pastierskeho resp. ro\u013en\u00edckeho prostredia, ktor\u00e9 je im bl\u00edzke, pri\u010dom \u00fastredn\u00fdm moj\u00edm textom boli slov\u00e1 P\u00e1na Je\u017ei\u0161a z evanjelia J\u00e1na 10, 11: \u201eJa som dobr\u00fd Pastier. Dobr\u00fd Pastier \u017eivot kladie za ovce.\u201c (to tam odvysielan\u00e9 nebolo). Vo svojom pr\u00edhovore som sa konkr\u00e9tne dotkol i nad\u00e1vok, oplzlost\u00ed, intr\u00edg, z\u00e1visti, klamstva, smilstva, sebectva i opilstva, ale i ostatn\u00fdch \u0161pinavost\u00ed, vlastne v\u0161etk\u00e9ho, z d\u00f4vodov \u010doho sa rel\u00e1ci\u00e1m reality show vyh\u00fdbame. Pouk\u00e1zal som na kr\u00ed\u017e P\u00e1na Je\u017ei\u0161a, ktor\u00fd ako jedin\u00fd dok\u00e1\u017ee srdcu \u010dloveka i na\u0161im vz\u0165ahom da\u0165 celkom nov\u00fa n\u00e1pl\u0148 i smer, ktor\u00fd svoje zranen\u00e9 a smutn\u00e9 ove\u010dky s najv\u00e4\u010d\u0161ou l\u00e1skou berie do svojho n\u00e1ru\u010dia a rob\u00ed ich na tomto svete \u0161\u0165astn\u00fdmi. To v\u0161etko som pod\u010diarkol i tromi duchovn\u00fdmi pies\u0148ami, ktor\u00e9 sme si tam zaspievali (medzi nimi aj jednu detsk\u00fa \u201eD\u00e1vaj pozor, mal\u00e9 oko, kam h\u013ead\u00ed\u0161; d\u00e1vaj pozor mal\u00e1 ruka, \u010do rob\u00ed\u0161; d\u00e1vaj pozor, mal\u00fd jazyk, \u010do vrav\u00ed\u0161&#8230;, P\u00e1n sa z neba pozer\u00e1, ak\u00e1 je tvoja viera&#8230;\u201c)<br \/>\nPrehlasujem, \u017ee som na Farmu i\u0161iel s t\u00fdm najlep\u0161\u00edm \u00famyslom prinies\u0165 h\u013eadaj\u00facim a mo\u017eno aj bl\u00fadiacim ove\u010dk\u00e1m zves\u0165 o l\u00e1ske, odpusten\u00ed, o Bo\u017eej milosti v P\u00e1novi Je\u017ei\u0161ovi. S\u00e1m som \u010dlovek slab\u00fd a s chybami, \u010dlovek, ktor\u00fd potrebuje pou\u010denie i bratsk\u00e9 napomenutie, za ktor\u00e9 som bol v\u017edy v\u010fa\u010dn\u00fd, nie som si v\u0161ak ni\u010d\u00edm vedom\u00fd, \u017eeby som svojou n\u00e1v\u0161tevou na Farme evanjelium alebo na\u0161u cirkev znev\u00e1\u017eil. Ak ste predsa mali tak\u00fd dojem, odpustite.<br \/>\nBol som v\u010fa\u010dn\u00fd P\u00e1nu Bohu, \u017ee pre m\u0148a osobne mohol ma\u0165 m\u00f4j pobyt na Farme nielen pastor\u00e1lny ale i misijn\u00fd rozmer. Tam som si uvedomil, \u017ee \u013eahko je l\u00e1ma\u0165 palicu nad niektor\u00fdmi \u013eu\u010fmi, tento kr\u00e1t nad t\u00fdmi, ktor\u00ed v reality show \u00fa\u010dinkuj\u00fa, mysl\u00edm nad samotn\u00fdmi farm\u00e1rmi- hos\u0165ami na\u0161ich kopan\u00edc. Ur\u010dite sa nikomu nep\u00e1\u010di, ako sa spr\u00e1vaj\u00fa, ak\u00fa maj\u00fa niektor\u00ed z nich sv\u00e1rliv\u00fa povahu, ale na druhej strane mi ich bolo \u013e\u00fato. Mo\u017eno im nemal v \u017eivote doteraz kto poveda\u0165, \u010do je dobr\u00e9 a zl\u00e9. Ka\u017ed\u00fd z nich m\u00e1 iste za sebou svoju vlastn\u00fa \u017eivotn\u00fa cestu, ktor\u00e1 bola doteraz mo\u017eno pln\u00e1 probl\u00e9mov a \u0165a\u017ekost\u00ed sp\u00f4soben\u00fdch nielen ich vinou. Mo\u017eno sami nem\u00f4\u017eu za to, ako boli vychovan\u00ed, mo\u017eno poch\u00e1dzaj\u00fa z rozvr\u00e1ten\u00fdch rod\u00edn, mo\u017eno ich nemal ani kto pohladi\u0165, mo\u017eno e\u0161te nikdy nepoc\u00edtili, \u010do je to skuto\u010dn\u00e1 l\u00e1ska a mo\u017eno ich nemal doteraz ani kto nau\u010di\u0165, kto je \u017eiv\u00fd a l\u00e1skav\u00fd Boh a skuto\u010dn\u00fd P\u00e1n neba i zeme. A mo\u017eno im to evanjelium u\u017e viac nikdy nikto v \u017eivote neprinesie&#8230;<br \/>\nD\u00f4stojn\u00ed bratia biskupi, vzne\u0161en\u00ed bratia a sestry seniori, je mi v tieto chv\u00edle \u0165a\u017eko hlavne z toho d\u00f4vodu, lebo sa navz\u00e1jom pozn\u00e1me nielen ako najbli\u017e\u0161\u00ed spolupracovn\u00edci ale aj ako bratia a sestry v P\u00e1novi Je\u017ei\u0161ovi Kristovi, ktor\u00ed sa \u010dasto kr\u00e1t stret\u00e1me, s \u00fasmevom v\u00edtame a bratsky pozdravujeme. Tak to bolo napr. vtedy, ke\u010f sme sa naposledy videli p\u00e1r t\u00fd\u017ed\u0148ov pred Va\u0161\u00edm Vyhl\u00e1sen\u00edm pri inom stretnut\u00ed vo Zvolene (stretnutie predsedn\u00edctiev na\u0161ej cirkvi i senior\u00e1tov), kde sme v\u0161etci spolu sedeli a modlili sa pri tom istom stole, pri ktorom ste neskor\u0161ie bez mojej \u00fa\u010dasti a bez m\u00f4jho vysvetlenia odhlasovali proti mne poni\u017euj\u00face Vyhl\u00e1senie (2M 23,2).<br \/>\n\u010cak\u00e1m, \u017ee ma budete teraz vy\u0161etrova\u0165, vyvodzova\u0165 d\u00f4sledky a ma rozli\u010dn\u00fdm sp\u00f4sobom s\u00fadi\u0165, ale vedzte, \u017ee ste ma svoj\u00edm Vyhl\u00e1sen\u00edm u\u017e \u00faplne ods\u00fadili.<br \/>\nNap\u00edsal som V\u00e1m to \u00faprimne v\u0161etko aj preto, aby ste v bud\u00facnosti in\u00fdm olt\u00e1rnym spolubratom \u010di spolusestr\u00e1m tak\u00fdmto sp\u00f4sobom neubl\u00ed\u017eili.<\/p>\n<p>S bratsk\u00fdm pozdravom <\/p>\n<p>Vo Vrbovciach 17. novembra 2012 Miroslav Hvo\u017e\u010fara<br \/>\nev. a. v. far\u00e1r vo Vrbovciach<\/p>\n","protected":false},"excerpt":{"rendered":"<p>Zverejnen\u00e9 na Facebooku: Reakcia na Vyhl\u00e1senie Zboru biskupov a seniorov D\u00f4stojn\u00ed bratia biskupi, vzne\u0161en\u00ed bratia a sestry seniori! S ve\u013ek\u00fdm sklaman\u00edm som si pre\u010d\u00edtal Va\u0161e Vyhl\u00e1senie o mojej \u00fa\u010dasti v rel\u00e1cii TV Mark\u00edza FARMA. Bol\u00ed ma, \u017ee ste V\u00e1\u0161 postoj prezentovali bez akejko\u013evek komunik\u00e1cie so mnou, \u017ee ste nemali z\u00e1ujem o moje vysvetlenie, ale \u017ee &#8230; <a title=\"Reakcia na Vyhl\u00e1senie Zboru biskupov a seniorov\" class=\"read-more\" href=\"https:\/\/www.e-anjelik.sk\/index.php\/2012\/11\/26\/reakcia-na-vyhlasenie-zboru-biskupov-a-seniorov\/\" aria-label=\"Pre\u010d\u00edtajte si viac o Reakcia na Vyhl\u00e1senie Zboru biskupov a seniorov\">\u010c\u00edta\u0165 viac<\/a><\/p>\n","protected":false},"author":19,"featured_media":0,"comment_status":"open","ping_status":"open","sticky":false,"template":"","format":"standard","meta":{"footnotes":""},"categories":[196],"tags":[],"class_list":["post-4904","post","type-post","status-publish","format-standard","hentry","category-vrbovce"],"_links":{"self":[{"href":"https:\/\/www.e-anjelik.sk\/index.php\/wp-json\/wp\/v2\/posts\/4904","targetHints":{"allow":["GET"]}}],"collection":[{"href":"https:\/\/www.e-anjelik.sk\/index.php\/wp-json\/wp\/v2\/posts"}],"about":[{"href":"https:\/\/www.e-anjelik.sk\/index.php\/wp-json\/wp\/v2\/types\/post"}],"author":[{"embeddable":true,"href":"https:\/\/www.e-anjelik.sk\/index.php\/wp-json\/wp\/v2\/users\/19"}],"replies":[{"embeddable":true,"href":"https:\/\/www.e-anjelik.sk\/index.php\/wp-json\/wp\/v2\/comments?post=4904"}],"version-history":[{"count":0,"href":"https:\/\/www.e-anjelik.sk\/index.php\/wp-json\/wp\/v2\/posts\/4904\/revisions"}],"wp:attachment":[{"href":"https:\/\/www.e-anjelik.sk\/index.php\/wp-json\/wp\/v2\/media?parent=4904"}],"wp:term":[{"taxonomy":"category","embeddable":true,"href":"https:\/\/www.e-anjelik.sk\/index.php\/wp-json\/wp\/v2\/categories?post=4904"},{"taxonomy":"post_tag","embeddable":true,"href":"https:\/\/www.e-anjelik.sk\/index.php\/wp-json\/wp\/v2\/tags?post=4904"}],"curies":[{"name":"wp","href":"https:\/\/api.w.org\/{rel}","templated":true}]}}