{"id":4905,"date":"2012-11-27T08:48:05","date_gmt":"2012-11-27T08:48:05","guid":{"rendered":"http:\/\/e-anjelik.sk\/?p=4905"},"modified":"2012-11-27T08:48:05","modified_gmt":"2012-11-27T08:48:05","slug":"skoly-vo-svedsku-bez-nabozenskej-viery","status":"publish","type":"post","link":"https:\/\/www.e-anjelik.sk\/index.php\/2012\/11\/27\/skoly-vo-svedsku-bez-nabozenskej-viery\/","title":{"rendered":"\u0160koly vo \u0160v\u00e9dsku bez n\u00e1bo\u017eenskej viery"},"content":{"rendered":"<p>V t\u00fdchto d\u0148och m\u00e9dia vo \u0160v\u00e9dsku op\u00e4\u0165 vehementne diskutuj\u00fa o plnen\u00ed z\u00e1kona o \u0161kol\u00e1ch vo \u0160v\u00e9dsku. Tento z\u00e1kon toti\u017e po\u017eadujue, aby bola \u0161kola neviazan\u00e1 na n\u00e1bo\u017eensk\u00fa vieru. Teraz \u00faradn\u00edci \u0161k\u00f4l tla\u010dia na riadite\u013eov a zria\u010fovate\u013eov \u0161k\u00f4l, aby tento z\u00e1kon plnili aj v tak\u00fdchto pr\u00edpadoch, ke\u010f ide obdobie adventu a \u017eiaci pod\u013ea trad\u00edcie robia adventn\u00e9 zbierky a \u0161kol\u00e1ci id\u00fa do kostola na akciu. Byrokrati tvrdia: \u00c1no, zbierky m\u00f4\u017eu by\u0165, ale nesm\u00fa by\u0165 doprev\u00e1dzan\u00e9 nijak\u00fdmi n\u00e1bo\u017eensk\u00fdmi prvkami ako s\u00fa: modlitby, po\u017eehnanie, viera, k\u00e1ze\u0148 alebo in\u00e9 zvestovanie.Doslova p\u00ed\u0161u:&#8220; Zd\u00e1 sa to by\u0165 protire\u010div\u00e9: n\u00e1bo\u017eenski\u00fd sviatok a bez n\u00e1bo\u017eenskych prvkov. Pri platnom z\u00e1kone, je to jedin\u00e9 rie\u0161enie, ako skombinova\u0165 \u0161kolu v kostole.&#8220;<br \/>\n(www.dagen.se)<\/p>\n","protected":false},"excerpt":{"rendered":"<p>V t\u00fdchto d\u0148och m\u00e9dia vo \u0160v\u00e9dsku op\u00e4\u0165 vehementne diskutuj\u00fa o plnen\u00ed z\u00e1kona o \u0161kol\u00e1ch vo \u0160v\u00e9dsku. Tento z\u00e1kon toti\u017e po\u017eadujue, aby bola \u0161kola neviazan\u00e1 na n\u00e1bo\u017eensk\u00fa vieru. Teraz \u00faradn\u00edci \u0161k\u00f4l tla\u010dia na riadite\u013eov a zria\u010fovate\u013eov \u0161k\u00f4l, aby tento z\u00e1kon plnili aj v tak\u00fdchto pr\u00edpadoch, ke\u010f ide obdobie adventu a \u017eiaci pod\u013ea trad\u00edcie robia adventn\u00e9 zbierky &#8230; <a title=\"\u0160koly vo \u0160v\u00e9dsku bez n\u00e1bo\u017eenskej viery\" class=\"read-more\" href=\"https:\/\/www.e-anjelik.sk\/index.php\/2012\/11\/27\/skoly-vo-svedsku-bez-nabozenskej-viery\/\" aria-label=\"Pre\u010d\u00edtajte si viac o \u0160koly vo \u0160v\u00e9dsku bez n\u00e1bo\u017eenskej viery\">\u010c\u00edta\u0165 viac<\/a><\/p>\n","protected":false},"author":22,"featured_media":0,"comment_status":"open","ping_status":"open","sticky":false,"template":"","format":"standard","meta":{"footnotes":""},"categories":[1,193],"tags":[],"class_list":["post-4905","post","type-post","status-publish","format-standard","hentry","category-adventna-modlitba","category-co-pisu-ini"],"_links":{"self":[{"href":"https:\/\/www.e-anjelik.sk\/index.php\/wp-json\/wp\/v2\/posts\/4905","targetHints":{"allow":["GET"]}}],"collection":[{"href":"https:\/\/www.e-anjelik.sk\/index.php\/wp-json\/wp\/v2\/posts"}],"about":[{"href":"https:\/\/www.e-anjelik.sk\/index.php\/wp-json\/wp\/v2\/types\/post"}],"author":[{"embeddable":true,"href":"https:\/\/www.e-anjelik.sk\/index.php\/wp-json\/wp\/v2\/users\/22"}],"replies":[{"embeddable":true,"href":"https:\/\/www.e-anjelik.sk\/index.php\/wp-json\/wp\/v2\/comments?post=4905"}],"version-history":[{"count":0,"href":"https:\/\/www.e-anjelik.sk\/index.php\/wp-json\/wp\/v2\/posts\/4905\/revisions"}],"wp:attachment":[{"href":"https:\/\/www.e-anjelik.sk\/index.php\/wp-json\/wp\/v2\/media?parent=4905"}],"wp:term":[{"taxonomy":"category","embeddable":true,"href":"https:\/\/www.e-anjelik.sk\/index.php\/wp-json\/wp\/v2\/categories?post=4905"},{"taxonomy":"post_tag","embeddable":true,"href":"https:\/\/www.e-anjelik.sk\/index.php\/wp-json\/wp\/v2\/tags?post=4905"}],"curies":[{"name":"wp","href":"https:\/\/api.w.org\/{rel}","templated":true}]}}