{"id":4907,"date":"2012-11-28T08:36:41","date_gmt":"2012-11-28T08:36:41","guid":{"rendered":"http:\/\/e-anjelik.sk\/?p=4907"},"modified":"2012-11-28T08:36:41","modified_gmt":"2012-11-28T08:36:41","slug":"28-november","status":"publish","type":"post","link":"https:\/\/www.e-anjelik.sk\/index.php\/2012\/11\/28\/28-november\/","title":{"rendered":"28. NOVEMBER"},"content":{"rendered":"<p>Ak niekto zachov\u00e1va moje slov\u00e1, neok\u00fasi smrti naveky.  (J\u00e1n 8, 51 b)<\/p>\n<p>Akou velikou, ba mohutnou vecou pre kres\u0165ana je jeho viera. Aj smr\u0165, hriech a diabol musia pred \u0148ou ust\u00fapi\u0165. K r e s \u0165 a n     z a \u010d \u00ed n a     u \u017e     v    t o m t o     \u010d a s e     v e \u010d n \u00fd     \u017e i v o t. Sp\u00f4sobuje to Kristus, Syn Bo\u017e\u00ed, v ktor\u00e9ho ver\u00ed.   Preto by si mal kres\u0165an z ver\u0161ov:<\/p>\n<p>\u017dijem, no neviem, ako dlho,<br \/>\nZomriem, no neviem kedy,<br \/>\nOdch\u00e1dzam, ale neviem kam,<br \/>\nS\u00e1m neviem, pre\u010do tak ples\u00e1m,<\/p>\n<p>posledn\u00e9 dva  upravi\u0165 takto:<\/p>\n<p>Odch\u00e1dzam, viem, v\u010faka Bohu, kam,<br \/>\nNu\u017e \u017easnem, pre\u010do pla\u010dem, lk\u00e1m&#8230;<\/p>\n<p>a vyslovova\u0165 ich s radostn\u00fdm hlasom z cel\u00e9ho srdca.<br \/>\nBolo by dobre, keby nekaj\u00faci, sebaist\u00ed \u013eudia tieto ver\u0161e zaznievaj\u00face odd\u00e1vna mali v\u017edy pred o\u010dami, a , kone\u010dne nimi napomenut\u00ed, zm\u00fadreli, t.j. vst\u00fapili do seba a uvedomili si, \u017ee s\u00fa smrte\u013en\u00ed a nijak\u00e1 chv\u00ed\u013ea ich \u017eivota nie je ist\u00e1 a prebudili sa, Boha sa b\u00e1li, \u010dinili pok\u00e1nie a polep\u0161ili sa.<\/p>\n<p>Aj Moj\u017ei\u0161 napom\u00edna v\u0161etky Adamove deti k v\u00e1\u017enej modlitbe: U\u010d n\u00e1s po\u010d\u00edta\u0165 dni \u017eivota, aby sme m\u00fadre srdce z\u00edskali.<\/p>\n<p>Martin Luther: Smerovn\u00edk kres\u0165anskej cesty<\/p>\n","protected":false},"excerpt":{"rendered":"<p>Ak niekto zachov\u00e1va moje slov\u00e1, neok\u00fasi smrti naveky. (J\u00e1n 8, 51 b) Akou velikou, ba mohutnou vecou pre kres\u0165ana je jeho viera. Aj smr\u0165, hriech a diabol musia pred \u0148ou ust\u00fapi\u0165. K r e s \u0165 a n z a \u010d \u00ed n a u \u017e v t o m t o \u010d a s &#8230; <a title=\"28. NOVEMBER\" class=\"read-more\" href=\"https:\/\/www.e-anjelik.sk\/index.php\/2012\/11\/28\/28-november\/\" aria-label=\"Pre\u010d\u00edtajte si viac o 28. NOVEMBER\">\u010c\u00edta\u0165 viac<\/a><\/p>\n","protected":false},"author":4,"featured_media":0,"comment_status":"open","ping_status":"open","sticky":false,"template":"","format":"standard","meta":{"footnotes":""},"categories":[1],"tags":[],"class_list":["post-4907","post","type-post","status-publish","format-standard","hentry","category-adventna-modlitba"],"_links":{"self":[{"href":"https:\/\/www.e-anjelik.sk\/index.php\/wp-json\/wp\/v2\/posts\/4907","targetHints":{"allow":["GET"]}}],"collection":[{"href":"https:\/\/www.e-anjelik.sk\/index.php\/wp-json\/wp\/v2\/posts"}],"about":[{"href":"https:\/\/www.e-anjelik.sk\/index.php\/wp-json\/wp\/v2\/types\/post"}],"author":[{"embeddable":true,"href":"https:\/\/www.e-anjelik.sk\/index.php\/wp-json\/wp\/v2\/users\/4"}],"replies":[{"embeddable":true,"href":"https:\/\/www.e-anjelik.sk\/index.php\/wp-json\/wp\/v2\/comments?post=4907"}],"version-history":[{"count":0,"href":"https:\/\/www.e-anjelik.sk\/index.php\/wp-json\/wp\/v2\/posts\/4907\/revisions"}],"wp:attachment":[{"href":"https:\/\/www.e-anjelik.sk\/index.php\/wp-json\/wp\/v2\/media?parent=4907"}],"wp:term":[{"taxonomy":"category","embeddable":true,"href":"https:\/\/www.e-anjelik.sk\/index.php\/wp-json\/wp\/v2\/categories?post=4907"},{"taxonomy":"post_tag","embeddable":true,"href":"https:\/\/www.e-anjelik.sk\/index.php\/wp-json\/wp\/v2\/tags?post=4907"}],"curies":[{"name":"wp","href":"https:\/\/api.w.org\/{rel}","templated":true}]}}