{"id":4918,"date":"2012-11-30T13:40:18","date_gmt":"2012-11-30T13:40:18","guid":{"rendered":"http:\/\/e-anjelik.sk\/?p=4918"},"modified":"2012-11-30T13:40:18","modified_gmt":"2012-11-30T13:40:18","slug":"30-november","status":"publish","type":"post","link":"https:\/\/www.e-anjelik.sk\/index.php\/2012\/11\/30\/30-november\/","title":{"rendered":"30. NOVEMBER"},"content":{"rendered":"<p>                                                                           30. NOVEMBER<\/p>\n<p>Kto zv\u00ed\u0165az\u00ed, tomu d\u00e1m sedie\u0165 so mnou na mojom tr\u00f3ne.<\/p>\n<p>                                                                                                                                                             Zjavenie 3, 21 a<\/p>\n<p>      Evanjelium by n\u00e1s malo priv\u00e1dza\u0165 k \u00fa\u017easu, aby sme sa hrdo a radostne mohli pochv\u00e1li\u0165: Som kres\u0165an a som pokrsten\u00fd, preto nepochybujem, \u017ee sa v Kristovi P\u00e1novi stanem a zostanem p\u00e1nom nad hriechom a smr\u0165ou. V\u0161etko stvorenie mi posl\u00fa\u017ei na moje najlep\u0161ie dobro. Keby som hne\u010f nosil na hlave korunu tureck\u00e9ho cis\u00e1ra, nie je to ni\u010d proti tomu, \u017ee m\u00e1m \u00fa\u010dastenstvo na dedi\u010dstve Kristovom a m\u00e1m \u017ei\u0165 pri \u0147om vo ve\u010dnosti.<br \/>\n     Ale kd en\u00e1jde\u0161 t\u00fdch, ktor\u00ed skuto\u010dne veria cel\u00fdm srdcom? Pri\u010dasto to vieme a dok\u00e1\u017eeme opakova\u0165. Ke\u010f\u017ee v\u0161ak never\u00edme, z \u010doho je \u013eahko n\u00e1s usved\u010di\u0165 (obvini\u0165), ne\u017easneme; inak by sme sa z toho nielen te\u0161ili, ale t\u00fdm sa aj p\u00fd\u0161ili. Kres\u0165an je hrd\u00fd, bla\u017een\u00fd \u010dlovek, ktor\u00fd sa neum\u00e1ra diablom ani nijak\u00fdm ne\u0161\u0165ast\u00edm; lebo si je ist\u00fd, \u017ee v Kristovi je nad t\u00fdm v\u0161etk\u00fdm p\u00e1nom.<\/p>\n<p>                                                   Martin Luther: Smerovn\u00edk kres\u0165anskej cesty<\/p>\n","protected":false},"excerpt":{"rendered":"<p>30. NOVEMBER Kto zv\u00ed\u0165az\u00ed, tomu d\u00e1m sedie\u0165 so mnou na mojom tr\u00f3ne. Zjavenie 3, 21 a Evanjelium by n\u00e1s malo priv\u00e1dza\u0165 k \u00fa\u017easu, aby sme sa hrdo a radostne mohli pochv\u00e1li\u0165: Som kres\u0165an a som pokrsten\u00fd, preto nepochybujem, \u017ee sa v Kristovi P\u00e1novi stanem a zostanem p\u00e1nom nad hriechom a smr\u0165ou. V\u0161etko stvorenie mi posl\u00fa\u017ei &#8230; <a title=\"30. NOVEMBER\" class=\"read-more\" href=\"https:\/\/www.e-anjelik.sk\/index.php\/2012\/11\/30\/30-november\/\" aria-label=\"Pre\u010d\u00edtajte si viac o 30. NOVEMBER\">\u010c\u00edta\u0165 viac<\/a><\/p>\n","protected":false},"author":4,"featured_media":0,"comment_status":"open","ping_status":"open","sticky":false,"template":"","format":"standard","meta":{"footnotes":""},"categories":[1],"tags":[],"class_list":["post-4918","post","type-post","status-publish","format-standard","hentry","category-adventna-modlitba"],"_links":{"self":[{"href":"https:\/\/www.e-anjelik.sk\/index.php\/wp-json\/wp\/v2\/posts\/4918","targetHints":{"allow":["GET"]}}],"collection":[{"href":"https:\/\/www.e-anjelik.sk\/index.php\/wp-json\/wp\/v2\/posts"}],"about":[{"href":"https:\/\/www.e-anjelik.sk\/index.php\/wp-json\/wp\/v2\/types\/post"}],"author":[{"embeddable":true,"href":"https:\/\/www.e-anjelik.sk\/index.php\/wp-json\/wp\/v2\/users\/4"}],"replies":[{"embeddable":true,"href":"https:\/\/www.e-anjelik.sk\/index.php\/wp-json\/wp\/v2\/comments?post=4918"}],"version-history":[{"count":0,"href":"https:\/\/www.e-anjelik.sk\/index.php\/wp-json\/wp\/v2\/posts\/4918\/revisions"}],"wp:attachment":[{"href":"https:\/\/www.e-anjelik.sk\/index.php\/wp-json\/wp\/v2\/media?parent=4918"}],"wp:term":[{"taxonomy":"category","embeddable":true,"href":"https:\/\/www.e-anjelik.sk\/index.php\/wp-json\/wp\/v2\/categories?post=4918"},{"taxonomy":"post_tag","embeddable":true,"href":"https:\/\/www.e-anjelik.sk\/index.php\/wp-json\/wp\/v2\/tags?post=4918"}],"curies":[{"name":"wp","href":"https:\/\/api.w.org\/{rel}","templated":true}]}}