{"id":4922,"date":"2012-12-01T07:45:31","date_gmt":"2012-12-01T07:45:31","guid":{"rendered":"http:\/\/e-anjelik.sk\/?p=4922"},"modified":"2012-12-01T07:45:31","modified_gmt":"2012-12-01T07:45:31","slug":"1-december","status":"publish","type":"post","link":"https:\/\/www.e-anjelik.sk\/index.php\/2012\/12\/01\/1-december\/","title":{"rendered":"1. DECEMBER"},"content":{"rendered":"<p>                                                                      1. DECEMBER<\/p>\n<p>Noc pokro\u010dila, de\u0148 sa pribl\u00ed\u017eil.<\/p>\n<p>                                                                                                                                                            R\u00edmskym 13, 12<\/p>\n<p>      De\u0148 rozodnieva najjasnej\u0161ie Slnko &#8211; Je\u017ei\u0161 Kristus; preto ho Malachi\u00e1\u0161 ozna\u010duje Slnkom spravodlivosti, a v z\u00e1vere svojho proroctva nazna\u010duje, \u017ee t\u00fdm, ktor\u00ed sa boja Jeho mena, vyjde Slnko spravodlivosti a Sp\u00e1sa pod Jeho peru\u0165ami.<br \/>\n       V\u0161etci, ktor\u00ed veria v Krista, prij\u00edmaj\u00fa od Neho jas Jeho milosti a spravodlivosti, a s\u00fa bla\u017een\u00ed pod Jeho kr\u00eddlami. On s\u00e1m je Slnko, z ktor\u00e9ho je jas a de\u0148 &#8211; Evanjelium &#8211; prich\u00e1dza a vy\u017earuje do cel\u00e9ho sveta. Oboje &#8211; slnko i de\u0148, Krista aj Evanjelium najkraj\u0161ie vystihuje \u017dalm 19, 2: &#8211; Nebe\u00e1 rozpr\u00e1vaj\u00fa o sl\u00e1ve Bo\u017eej. Ako nebo nad nami poskytuje slnko a de\u0148, a slnko je na nebi, tak apo\u0161tolovia so svojimi k\u0148azmi prin\u00e1\u0161aj\u00fa a maj\u00fa v sebe to prav\u00e9 Snko &#8211; Krista. V\u0161etko je z mil\u00e9ho prieniku d\u0148a, ktor\u00fdm je Evanjelium, \u010do P\u00edsmo tak vysoko a s nehou chv\u00e1li; lebo o\u017eivuje, rozrados\u0165\u0148uje, rozvese\u013euje, p\u00f4sob\u00ed a nesie so sebou v\u0161etko dobro.<\/p>\n<p>                                                        Martin Luther: Smerovn\u00edk kres\u0165anskej cesty<\/p>\n","protected":false},"excerpt":{"rendered":"<p>1. DECEMBER Noc pokro\u010dila, de\u0148 sa pribl\u00ed\u017eil. R\u00edmskym 13, 12 De\u0148 rozodnieva najjasnej\u0161ie Slnko &#8211; Je\u017ei\u0161 Kristus; preto ho Malachi\u00e1\u0161 ozna\u010duje Slnkom spravodlivosti, a v z\u00e1vere svojho proroctva nazna\u010duje, \u017ee t\u00fdm, ktor\u00ed sa boja Jeho mena, vyjde Slnko spravodlivosti a Sp\u00e1sa pod Jeho peru\u0165ami. V\u0161etci, ktor\u00ed veria v Krista, prij\u00edmaj\u00fa od Neho jas Jeho milosti &#8230; <a title=\"1. DECEMBER\" class=\"read-more\" href=\"https:\/\/www.e-anjelik.sk\/index.php\/2012\/12\/01\/1-december\/\" aria-label=\"Pre\u010d\u00edtajte si viac o 1. DECEMBER\">\u010c\u00edta\u0165 viac<\/a><\/p>\n","protected":false},"author":4,"featured_media":0,"comment_status":"open","ping_status":"open","sticky":false,"template":"","format":"standard","meta":{"footnotes":""},"categories":[1],"tags":[],"class_list":["post-4922","post","type-post","status-publish","format-standard","hentry","category-adventna-modlitba"],"_links":{"self":[{"href":"https:\/\/www.e-anjelik.sk\/index.php\/wp-json\/wp\/v2\/posts\/4922","targetHints":{"allow":["GET"]}}],"collection":[{"href":"https:\/\/www.e-anjelik.sk\/index.php\/wp-json\/wp\/v2\/posts"}],"about":[{"href":"https:\/\/www.e-anjelik.sk\/index.php\/wp-json\/wp\/v2\/types\/post"}],"author":[{"embeddable":true,"href":"https:\/\/www.e-anjelik.sk\/index.php\/wp-json\/wp\/v2\/users\/4"}],"replies":[{"embeddable":true,"href":"https:\/\/www.e-anjelik.sk\/index.php\/wp-json\/wp\/v2\/comments?post=4922"}],"version-history":[{"count":0,"href":"https:\/\/www.e-anjelik.sk\/index.php\/wp-json\/wp\/v2\/posts\/4922\/revisions"}],"wp:attachment":[{"href":"https:\/\/www.e-anjelik.sk\/index.php\/wp-json\/wp\/v2\/media?parent=4922"}],"wp:term":[{"taxonomy":"category","embeddable":true,"href":"https:\/\/www.e-anjelik.sk\/index.php\/wp-json\/wp\/v2\/categories?post=4922"},{"taxonomy":"post_tag","embeddable":true,"href":"https:\/\/www.e-anjelik.sk\/index.php\/wp-json\/wp\/v2\/tags?post=4922"}],"curies":[{"name":"wp","href":"https:\/\/api.w.org\/{rel}","templated":true}]}}