{"id":4930,"date":"2012-12-04T14:51:04","date_gmt":"2012-12-04T14:51:04","guid":{"rendered":"http:\/\/e-anjelik.sk\/?p=4930"},"modified":"2012-12-04T14:51:04","modified_gmt":"2012-12-04T14:51:04","slug":"4-december","status":"publish","type":"post","link":"https:\/\/www.e-anjelik.sk\/index.php\/2012\/12\/04\/4-december\/","title":{"rendered":"4. DECEMBER"},"content":{"rendered":"<p>                                                                       4. DECEMBER<\/p>\n<p>V tom sa prejavila l\u00e1ska Bo\u017eia k n\u00e1m, \u017ee svojho jenoroden\u00e9ho Syna poslal Boh na svet, aby sme \u017eili skrze Neho.<\/p>\n<p>                                                                                                                                                                     1.J\u00e1nov 4, 9<\/p>\n<p>      Tu je v\u0161etko to najvy\u0161\u0161ie, Darca, l\u00e1ska a dar dan\u00fd n\u00e1m z \u010d\u00edrej l\u00e1sky, nie za z\u00e1sluhy.  Dan\u00fd tak, \u017ee m\u00e1 zosta\u0165 darom &#8211; a ani skryt\u00fdm, po\u017ei\u010dan\u00fdm, ani k\u00fapen\u00fdm sa nem\u00e1 ozna\u010dova\u0165, darom, ktor\u00fd sa ned\u00e1 zaobstara\u0165 za nijak\u00fa cenu a ned\u00e1 sa pre\u0148 urobi\u0165 ni\u010d naviac, ne\u017e to, \u017ee otvor\u00edme dla\u0148 a poklad ochotne prijmeme.<br \/>\n      \u017dia\u013ebohu, tak\u00e9 srdcia ani ruky tu nie s\u00fa, ktor\u00e9 by dar prij\u00edmali.<br \/>\nKeby sme  sa d\u00f4kladne zamysleli, a nezost\u00e1vali chladn\u00fdmi, srdcia by n\u00e1m zahoreli takou veliku rados\u0165ou, \u017ee by sme Bohu nielen radi sl\u00fa\u017eili, ale aj v\u0161etko pre Neho ochotne pretrpeli, a boli \u0161\u0165astn\u00ed, \u017ee tak\u00fd poklad od Neho m\u00e1me. V d\u00f4sledku na\u0161ej ned\u00f4very sa v\u0161ak obzer\u00e1me po radosti vo svete pod\u013ea poku\u0161ite\u013ea, ktor\u00e1 je predsa m\u00e1rna a daromn\u00e1.<\/p>\n<p>                                                  Martin Luther: Smerovn\u00edk kres\u0165anskej cesty<\/p>\n","protected":false},"excerpt":{"rendered":"<p>4. DECEMBER V tom sa prejavila l\u00e1ska Bo\u017eia k n\u00e1m, \u017ee svojho jenoroden\u00e9ho Syna poslal Boh na svet, aby sme \u017eili skrze Neho. 1.J\u00e1nov 4, 9 Tu je v\u0161etko to najvy\u0161\u0161ie, Darca, l\u00e1ska a dar dan\u00fd n\u00e1m z \u010d\u00edrej l\u00e1sky, nie za z\u00e1sluhy. Dan\u00fd tak, \u017ee m\u00e1 zosta\u0165 darom &#8211; a ani skryt\u00fdm, po\u017ei\u010dan\u00fdm, ani &#8230; <a title=\"4. DECEMBER\" class=\"read-more\" href=\"https:\/\/www.e-anjelik.sk\/index.php\/2012\/12\/04\/4-december\/\" aria-label=\"Pre\u010d\u00edtajte si viac o 4. DECEMBER\">\u010c\u00edta\u0165 viac<\/a><\/p>\n","protected":false},"author":4,"featured_media":0,"comment_status":"open","ping_status":"open","sticky":false,"template":"","format":"standard","meta":{"footnotes":""},"categories":[1],"tags":[],"class_list":["post-4930","post","type-post","status-publish","format-standard","hentry","category-adventna-modlitba"],"_links":{"self":[{"href":"https:\/\/www.e-anjelik.sk\/index.php\/wp-json\/wp\/v2\/posts\/4930","targetHints":{"allow":["GET"]}}],"collection":[{"href":"https:\/\/www.e-anjelik.sk\/index.php\/wp-json\/wp\/v2\/posts"}],"about":[{"href":"https:\/\/www.e-anjelik.sk\/index.php\/wp-json\/wp\/v2\/types\/post"}],"author":[{"embeddable":true,"href":"https:\/\/www.e-anjelik.sk\/index.php\/wp-json\/wp\/v2\/users\/4"}],"replies":[{"embeddable":true,"href":"https:\/\/www.e-anjelik.sk\/index.php\/wp-json\/wp\/v2\/comments?post=4930"}],"version-history":[{"count":0,"href":"https:\/\/www.e-anjelik.sk\/index.php\/wp-json\/wp\/v2\/posts\/4930\/revisions"}],"wp:attachment":[{"href":"https:\/\/www.e-anjelik.sk\/index.php\/wp-json\/wp\/v2\/media?parent=4930"}],"wp:term":[{"taxonomy":"category","embeddable":true,"href":"https:\/\/www.e-anjelik.sk\/index.php\/wp-json\/wp\/v2\/categories?post=4930"},{"taxonomy":"post_tag","embeddable":true,"href":"https:\/\/www.e-anjelik.sk\/index.php\/wp-json\/wp\/v2\/tags?post=4930"}],"curies":[{"name":"wp","href":"https:\/\/api.w.org\/{rel}","templated":true}]}}