{"id":4944,"date":"2012-12-07T20:28:33","date_gmt":"2012-12-07T20:28:33","guid":{"rendered":"http:\/\/e-anjelik.sk\/?p=4944"},"modified":"2022-12-11T19:31:29","modified_gmt":"2022-12-11T18:31:29","slug":"krotky-kral","status":"publish","type":"post","link":"https:\/\/www.e-anjelik.sk\/index.php\/2012\/12\/07\/krotky-kral\/","title":{"rendered":"Krotk\u00fd kr\u00e1\u013e"},"content":{"rendered":"<p>Krotk\u00fd kr\u00e1\u013e<br \/>\nMt  21, 5:<br \/>\n\u201d Povedzte dc\u00e9re Sionskej: Ajh\u013ea, tvoj kr\u00e1\u013e prich\u00e1dza k tebe krotk\u00fd,  sediac na oslovi, a to na osliatku \u0165a\u017enej oslice\u201d. Amen<\/p>\n<p>Bratia a sestry v P\u00e1novi Je\u017ei\u0161ovi Kristovi!<\/p>\n<p>Otv\u00e1rme, Pane, Kriste, v Tvojej cirkvi nov\u00fd rok,<br \/>\nz Tvojej l\u00e1sky iste, iste, v Tvojom mene prv\u00fd krok<br \/>\na tvoj hlas n\u00e1m sladko hl\u00e1sa:<br \/>\nKr\u00e1\u013e tvoj k Tebe uber\u00e1 sa. (ES 15, 1)<\/p>\n<p>A d v e n t n \u00fd   \u010d a s  je jedine\u010dn\u00fd \u010das pre ka\u017ed\u00e9ho veriaceho kres\u0165ana. Pripom\u00edna n\u00e1m plnos\u0165 \u010dasu, v ktorom P\u00e1n Boh naplnil svoj s\u013eub dan\u00fd prv\u00fdm \u013eu\u010fom v raji a poslal svetu Spasite\u013ea a Vykupite\u013ea. Pripom\u00edna teda skryt\u00fd pr\u00edchod P\u00e1na Krista v \u013eudskom tele, ke\u010f ho panna M\u00e1ria prijala do svojho srdca i tela. Preto  ho naz\u00fdvame vtelenie.<\/p>\n<p>Advent je v\u0161ak z\u00e1rove\u0148 naplnen\u00edm Je\u017ei\u0161ov\u00fdch slov dan\u00fdch  u\u010den\u00edkom: \u201cAjh\u013ea, ja som s vami po v\u0161etky dni, a\u017e do konca sveta.\u201c Ohlasuje trval\u00e9 prich\u00e1dzanie P\u00e1na Je\u017ei\u0161a k svojmu \u013eudu.<br \/>\nNaviac, adventn\u00fd \u010das upozor\u0148uje aj na Je\u017ei\u0161ov druh\u00fd pr\u00edchod. Bude to pr\u00edchod k posledn\u00e9mu s\u00fadu v sl\u00e1ve a moci. Pr\u00edchod P\u00e1na p\u00e1nov a Kr\u00e1\u013ea kr\u00e1\u013eov.<\/p>\n<p>Dne\u0161n\u00e1 prv\u00e1 adventn\u00e1 nede\u013ea n\u00e1s oslovuje a poz\u00fdva k tomu, aby sme pam\u00e4tali na Je\u017ei\u0161ovo trval\u00e9 prich\u00e1dzanie v pokore a tichosti.  Na Jeho v\u017edy nov\u00e9, aktu\u00e1lne prich\u00e1dzanie zo sl\u00e1vy neba v krotkosti. Tak, ako pri prvom pr\u00edchode P\u00e1na Je\u017ei\u0161a Krista \u0161lo o pr\u00edchod zo sl\u00e1vy a jasu neba do \u013eudskej v\u0161ednosti, tak je to aj dnes. Neraz sa n\u00e1m \u017eivot vid\u00ed bez jasu, jednotv\u00e1rny. Mo\u017eno \u0161ediv\u00fd, \u010di dokonca temn\u00fd. Bez tepla a svetla l\u00e1sky. Neraz pripom\u00edname \u010dloveka \u201csediaceho v tme\u201d, alebo \u201cb\u00fdvaj\u00faceho v temnej krajine\u201d.<br \/>\n(Lk 1, 79)<br \/>\nSeversk\u00e9 krajiny maj\u00fa v tomto obdob\u00ed ve\u013emi kr\u00e1tke dni a dlh\u00e9 noci. Ove\u013ea v\u00e4\u010d\u0161iu tmu pre\u017e\u00edva v\u0161ak \u010dlovek vtedy, ak sa stretne s tmou hriechu \u010di u\u017e v sebe, alebo v \u017eivote bl\u00edzkych \u013eud\u00ed. &#8211; Temn\u00e9 dni s\u00fa aj tak\u00e9, ke\u010f smr\u0165 zav\u00edta do zv\u00e4zku rodiny a odch\u00e1dza \u010dlovek bl\u00edzky a drah\u00fd&#8230;<\/p>\n<p>V dejin\u00e1ch sveta pri\u0161iel \u010das, ke\u010f sa naplnili slov\u00e1 proroka Zachari\u00e1\u0161a: \u201cPovedzte dc\u00e9re Sionskej, ajh\u013ea tvoj kr\u00e1\u013e prich\u00e1dza k tebe krotk\u00fd, sediac na oslovi a to na osliatku \u0165a\u017enej oslice\u201d. M\u00e1lo bolo t\u00fdch, ktor\u00ed v toto mu\u017eovi vtedy videli a rozoznali Syna Bo\u017eieho a o\u010dak\u00e1van\u00e9ho Spasite\u013ea. Nevieme, ako by sme reagovali na tento pr\u00edchod do Jeruzalema my sami&#8230;<\/p>\n<p>Je tu v\u0161ak aj ten trval\u00fd pr\u00edchod Je\u017ei\u0161a Krista k n\u00e1m a Jeho ponuka milosti a sp\u00e1sy. \u201cH\u013ea, ja som s vami&#8230;\u201d Je tu op\u00e4\u0165 Jeho slovo, ktor\u00e9 je slovom P\u00edsma sv\u00e4t\u00e9ho. \u010c\u00edta sa spred olt\u00e1ra, z kazate\u013enice a my ho m\u00e1me po\u010du\u0165 ako hlas samotn\u00e9ho Krista. Je to slovo \u010d\u00edtan\u00e9 a zvestovan\u00e9 hrie\u0161nym \u010dlovekom a predsa Je\u017ei\u0161 hovor\u00ed, \u017ee ide s n\u00edm a \u017ee pr\u00e1ve takto prich\u00e1dza a chce prich\u00e1dza\u0165 k svojej cirkvi, k dc\u00e9re Sion. Je to slovo, ktor\u00e9 neznie samo, ale m\u00e1 svojho nosite\u013ea. Mnoho kr\u00e1t ste tak\u00fdch videli i po\u010duli&#8230; ni\u010d zvl\u00e1\u0161tne.<br \/>\nA predsa to slovo z Biblie je Jeho slovom. On si tento pr\u00edchod zvolil, aby bol s nami. Nemali by sme pred N\u00edm uteka\u0165. Nemali by sme opakova\u0165 chybu Adama a Evy, ktor\u00ed sa pred Bo\u017e\u00edm hlasom skryli. P\u00e1n Je\u017ei\u0161 neprich\u00e1dza dnes, na za\u010diatku adventu s v\u00fd\u010ditkou, ako pri\u0161iel P\u00e1n Boh ku Kainovi: \u201cKde je tvoj brat \u00c1bel \u201c?  Boh m\u00f4\u017ee kedyko\u013evek pr\u00eds\u0165 aj tak, ako sa pribl\u00ed\u017eil k Sodome a Gomore, alebo k Izraelcom na p\u00fa\u0161ti. Ke\u010f prehovoril k Moj\u017ei\u0161ovi, musel vojs\u0165 do skalnej trhliny. ( 2 M 33, 22) Pri\u0161iel k prorokom a mnoh\u00fdm in\u00fdm \u013eu\u010fom. Prehovoril k Zachari\u00e1\u0161ovi, ktor\u00fd Jeho slovo neprijal a pre svoju malovernos\u0165 onemel. \u201cMnoho r\u00e1z a rozli\u010dn\u00fdm sp\u00f4sobom hovoril Boh vo\u013eakedy otcom skrze prorokov, na sklonku t\u00fdchto dn\u00ed prehovoril k n\u00e1m v Synovi\u201d. (\u017dd 1, 1- 2).<br \/>\nAdvent v\u0161ak pripom\u00edna, \u017ee mo\u017ee pr\u00eds\u0165 a aj prich\u00e1dza nielen ako Sudca, ako Ten, trest\u00e1 \u010dloveka za neposlu\u0161nos\u0165 a hriechy. Boh prich\u00e1dza aj inak. Prich\u00e1va v Synovi,  v Je\u017ei\u0161ovi Kristovi. Prich\u00e1dza s pozdravom pokoja, s posolstvom milosti, odpustenia a l\u00e1sky k hrie\u0161nikovi. Ako hovor\u00ed aj prorock\u00e9 slovo:\u201d  prich\u00e1dza krotk\u00fd\u201d&#8230;Ide zo sl\u00e1vy neba, je in\u00fd ako my, lebo nem\u00e1 hriech, je pln\u00fd svetla v ktorom vidie\u0165 ka\u017ed\u00fa vr\u00e1sku, ale nechce tresta\u0165, ale chce odp\u00fa\u0161\u0165a\u0165  a obdari\u0165 milos\u0165ou. Kr\u00e1\u013eovskou milos\u0165ou. Je Kr\u00e1\u013eom kr\u00e1\u013eov a predsa prich\u00e1dza s tichos\u0165ou a krotkos\u0165ou. To je dar a po\u017eehnanie adventn\u00e9ho \u010dasu! Boh sa v Je\u017ei\u0161ovi zni\u017euje na najvy\u0161\u0161iu mo\u017en\u00fa mieru a prich\u00e1dza k n\u00e1m. Chce vst\u00fapi\u0165 do n\u00e1\u0161ho \u017eivota nie aby hubil a ni\u010dil, ale \u201caby sme \u017eivot mali a hojne mali\u201d<\/p>\n<p>Krotk\u00fd Boh! Krotk\u00fd boho\u010dlovek Je\u017ei\u0161! Vz\u00e1cny hos\u0165! Ne\u010dakane pokorn\u00fd. Prich\u00e1dza ako Slnko spravodlivosti. Chce n\u00e1s ospravedni\u0165. Chce na n\u00e1s polo\u017ei svoju spravodlivos\u0165. My m\u00e1me mo\u017enos\u0165 odpoveda\u0165 s d\u00f4verou. Poveda\u0165: Vojdi po\u017eehnan\u00fd! &#8211; a dolo\u017ei\u0165 Hosana!<br \/>\nTajomstvo sl\u00e1vneho vtelenia, pr\u00edchodu v skrytosti n\u00e1m pom\u00e1ha pochopi\u0165 to, \u017ee nebesk\u00fd kr\u00e1\u013e chce svojou krotkos\u0165ou pote\u0161i\u0165  a povzbud\u0165  ka\u017ed\u00e9ho, kto  po Jeho milosti a pohladen\u00ed t\u00fa\u017ei. Kto chce Jeho dar l\u00e1sky a ospravedlnenia prija\u0165 a tak unikn\u00fa\u0165 ka\u017edej zlej moci. Z moci ka\u017edej tmy, \u010di u\u017e sa vol\u00e1 hriech, smr\u0165, alebo peklo.  \u201cTen, ktor\u00fd neu\u0161etril vlastn\u00e9ho Syna, ale poslal Ho pre n\u00e1s v\u0161etk\u00fdch, akoby n\u00e1m s N\u00edm nedaroval v\u0161etko?\u201d (R 8, 32) &#8211; dok\u00e1zal sa rozospieva\u0165 k nad\u0161enej  chv\u00e1le apo\u0161tol Pavel!   Aj my sa dnes op\u00e4\u0165 smieme rozhodn\u00fa\u0165 pre to ist\u00e9! Smieme P\u00e1nu Bohu dobrore\u010di\u0165  a Toho, ktor\u00e9ho poslal pre n\u00e1s, m\u00e1me prija\u0165 s d\u00f4verou!  M\u00e1me nov\u00fa mo\u017enos\u0165 \u017ei\u0165 s N\u00edm a by\u0165 s N\u00edm v \u010dasnosti i vo ve\u010dnosti.<\/p>\n<p>Podobne m\u00e1me vidie\u0165 pr\u00edchod P\u00e1na Je\u017ei\u0161a Krista k n\u00e1m aj v telesn\u00fdch daroch pripraven\u00fdch na olt\u00e1ri. Ke\u010f vo sviatosti Ve\u010dere, ktor\u00fa pre n\u00e1s ustanovil prich\u00e1dza pod sp\u00f4sobom chleba a v\u00edna. Prich\u00e1dza zo sl\u00e1vy a je tu op\u00e4\u0165 ako pokorn\u00fd Bar\u00e1nok Bo\u017e\u00ed. Prorock\u00e9 slovo  sa nap\u013a\u0148a do bodky: \u201cPovedzte dc\u00e9re Sionskej, Ajh\u013ea tvoj kr\u00e1\u013e prich\u00e1dza k tebe krotk\u00fd.\u201d Dary zeme, po\u017eehnan\u00e9 Bohom Otcom pre n\u00e1s, dost\u00e1vaj\u00fa tu pri olt\u00e1ri aj in\u00fa \u00falohu, ako len syti\u0165 a posilni\u0165 telo. S chlebom a v\u00ednom, v daroch a plodoch zeme, pod sp\u00f4sobom chleba a v\u00edna je tu Kristus P\u00e1n, so svoj\u00edm telom a krvou obetovanou za n\u00e1s a za na\u0161e hriechy.<\/p>\n<p>Spasenie z Bo\u017eej milosti sa n\u00e1m tak st\u00e1va bli\u017e\u0161ie. Advent je nov\u00fd za\u010diatok a nov\u00e1 ponuka Je\u017ei\u0161ovej l\u00e1sky a milosti.<br \/>\n\u201cVz\u00e1cny \u010das k n\u00e1m pri\u0161iel,<br \/>\nv ktorom Kristus zi\u0161iel<br \/>\nz nebesk\u00e9ho tr\u00f3nu<br \/>\nna zem biednu dolu,<br \/>\n\u010dloveku On vr\u00e1til,<br \/>\nraj, \u010do Adam stratil\u201d . (ES 30, 1)<br \/>\n&#8211; m\u00f4\u017eeme spieva\u0165 a radova\u0165 sa u\u017e dnes nanovo a potom v\u017edy, ke\u010f zaznie vz\u00e1cne slovo Evanjelia.<\/p>\n<p>Mnoh\u00ed na\u0161i bratia a sestry chc\u00fa \u010daka\u0165 na Kristov pr\u00edchod a\u017e do \u0160tedr\u00e9ho ve\u010dera, s n\u00e1deju na rados\u0165. Bud\u00fa o\u010dak\u00e1va\u0165 stretnutie s P\u00e1nom a Darcom v\u0161etk\u00fdch dokonal\u00fdch darov pri poh\u013eade do jasli\u010diek &#8211; na seno, slamu, kde si ustlal Je\u017ei\u0161, Syn Bo\u017e\u00ed. Kie\u017e sa nikto nad Jeho pokorou a krotkos\u0165ou nepohor\u0161\u00ed. Kie\u017e Ho v\u0161etci  spr\u00e1vne spoznaj\u00fa a prijm\u00fa vo viere, ke\u010f prich\u00e1dza v pravde krotk\u00fd. My to v\u0161ak smieme urobi\u0165 u\u017e dnes a potom v\u017edy nanovo, v ka\u017edom Slove Evanjelia. Ak sa odv\u00e1\u017eime prija\u0165 Jeho pokorn\u00fd pr\u00edchod u\u017e dnes, o to sk\u00f4r a radostnej\u0161ie to urob\u00edme aj potom. Ak\u00fd advent, tak\u00e9 Vianoce.<\/p>\n<p>Preto, mil\u00ed bratia a sestry, povedzte to aj vy svojim bl\u00edzkym a dom\u00e1cim, \u017ee Je\u017ei\u0161 prich\u00e1dza. Prich\u00e1dza v\u0161ade, kde pros\u00edme: Maranatha! &#8211; pr\u00ed\u010f Pane Je\u017ei\u0161i! Prijatie Jeho Slova a sv. Ve\u010dere n\u00e1s povzbud\u00ed, pote\u0161\u00ed a rozohreje u\u017e dnes i v celom adventnom \u010dase. Povedzte aj vy dc\u00e9re sionskej &#8211;  pokrsten\u00fdm v meno Kristovo: H\u013ea, tvoj kr\u00e1\u013e prich\u00e1dza!  Ako M.Luther hovor\u00ed: \u201cUj\u00edma sa n\u00e1s ako svojich vlastn\u00fdch, preto Ho aj my pr\u00edjmime ako svojho vlastn\u00e9ho\u201d. Ako najvz\u00e1cnej\u0161ieho Hos\u0165a a n\u00e1\u0161ho Kr\u00e1\u013ea!  Amen.<\/p>\n<p>1.advetn\u00e1 nede\u013ea -SLB s VP  &#8211; Soboti\u0161te 2012 &#8211; \u013d.Batka st.<\/p>\n","protected":false},"excerpt":{"rendered":"<p>Krotk\u00fd kr\u00e1\u013e Mt 21, 5: \u201d Povedzte dc\u00e9re Sionskej: Ajh\u013ea, tvoj kr\u00e1\u013e prich\u00e1dza k tebe krotk\u00fd, sediac na oslovi, a to na osliatku \u0165a\u017enej oslice\u201d. Amen Bratia a sestry v P\u00e1novi Je\u017ei\u0161ovi Kristovi! Otv\u00e1rme, Pane, Kriste, v Tvojej cirkvi nov\u00fd rok, z Tvojej l\u00e1sky iste, iste, v Tvojom mene prv\u00fd krok a tvoj hlas n\u00e1m &#8230; <a title=\"Krotk\u00fd kr\u00e1\u013e\" class=\"read-more\" href=\"https:\/\/www.e-anjelik.sk\/index.php\/2012\/12\/07\/krotky-kral\/\" aria-label=\"Pre\u010d\u00edtajte si viac o Krotk\u00fd kr\u00e1\u013e\">\u010c\u00edta\u0165 viac<\/a><\/p>\n","protected":false},"author":4,"featured_media":0,"comment_status":"open","ping_status":"open","sticky":false,"template":"","format":"standard","meta":{"footnotes":""},"categories":[570,179,95],"tags":[192,207],"class_list":["post-4944","post","type-post","status-publish","format-standard","hentry","category-1-adventna-nedela","category-advent","category-sobotiste","tag-kazen","tag-vecera-panova"],"_links":{"self":[{"href":"https:\/\/www.e-anjelik.sk\/index.php\/wp-json\/wp\/v2\/posts\/4944","targetHints":{"allow":["GET"]}}],"collection":[{"href":"https:\/\/www.e-anjelik.sk\/index.php\/wp-json\/wp\/v2\/posts"}],"about":[{"href":"https:\/\/www.e-anjelik.sk\/index.php\/wp-json\/wp\/v2\/types\/post"}],"author":[{"embeddable":true,"href":"https:\/\/www.e-anjelik.sk\/index.php\/wp-json\/wp\/v2\/users\/4"}],"replies":[{"embeddable":true,"href":"https:\/\/www.e-anjelik.sk\/index.php\/wp-json\/wp\/v2\/comments?post=4944"}],"version-history":[{"count":1,"href":"https:\/\/www.e-anjelik.sk\/index.php\/wp-json\/wp\/v2\/posts\/4944\/revisions"}],"predecessor-version":[{"id":35853,"href":"https:\/\/www.e-anjelik.sk\/index.php\/wp-json\/wp\/v2\/posts\/4944\/revisions\/35853"}],"wp:attachment":[{"href":"https:\/\/www.e-anjelik.sk\/index.php\/wp-json\/wp\/v2\/media?parent=4944"}],"wp:term":[{"taxonomy":"category","embeddable":true,"href":"https:\/\/www.e-anjelik.sk\/index.php\/wp-json\/wp\/v2\/categories?post=4944"},{"taxonomy":"post_tag","embeddable":true,"href":"https:\/\/www.e-anjelik.sk\/index.php\/wp-json\/wp\/v2\/tags?post=4944"}],"curies":[{"name":"wp","href":"https:\/\/api.w.org\/{rel}","templated":true}]}}