{"id":4947,"date":"2012-12-10T12:11:40","date_gmt":"2012-12-10T12:11:40","guid":{"rendered":"http:\/\/e-anjelik.sk\/?p=4947"},"modified":"2012-12-10T12:11:40","modified_gmt":"2012-12-10T12:11:40","slug":"adventny-dobrocinny-bazar-v-cz-ecav-svaty-jur","status":"publish","type":"post","link":"https:\/\/www.e-anjelik.sk\/index.php\/2012\/12\/10\/adventny-dobrocinny-bazar-v-cz-ecav-svaty-jur\/","title":{"rendered":"Adventn\u00fd dobro\u010dinn\u00fd baz\u00e1r v cz ECAV  Sv\u00e4t\u00fd Jur"},"content":{"rendered":"<p>V 2. adventn\u00fa nede\u013eu &#8211; 9. decembra 2012 sa v ev. kostole vo Sv. Jure konali rodinn\u00e9 slu\u017eby Bo\u017eie. Pr\u00edtomn\u00fdch bolo 62 dospel\u00fdch a 15 det\u00ed. Slu\u017eby Bo\u017eie mali nespievan\u00fa liturgiu , hrala hudobn\u00e1 skupina miestnej ml\u00e1de\u017ee, a to s\u00fa\u010dasn\u00e9 modern\u00e9 duchovn\u00e9 piesne a tradi\u010dn\u00e9 adventn\u00e9 z ES. Bo\u017eie slovo na evanjeliov\u00fd text o nerodiacom figovn\u00edku hrav\u00fdm sp\u00f4sobom  a s n\u00e1zorn\u00fdmi pom\u00f4ckami v s\u00fa\u010dinnosti s de\u0165mi tlmo\u010dil miestny n\u00e1mestn\u00fd far\u00e1r Michal Kore\u0148. Po slu\u017eb\u00e1ch Bo\u017e\u00edch bol v zborovej s\u00e1le priestor na dobro\u010dinnos\u0165: jedni pon\u00fakali , in\u00ed kupovali. Takto sa zozbieralo z l\u00e1sky pre ev. \u0161kolu internatn\u00fa pre hluchoslep\u00e9 deti v \u010cervenici 336 EUR. V\u010faka v\u0161etk\u00fdm darcom i organiz\u00e1torom.<\/p>\n","protected":false},"excerpt":{"rendered":"<p>V 2. adventn\u00fa nede\u013eu &#8211; 9. decembra 2012 sa v ev. kostole vo Sv. Jure konali rodinn\u00e9 slu\u017eby Bo\u017eie. Pr\u00edtomn\u00fdch bolo 62 dospel\u00fdch a 15 det\u00ed. Slu\u017eby Bo\u017eie mali nespievan\u00fa liturgiu , hrala hudobn\u00e1 skupina miestnej ml\u00e1de\u017ee, a to s\u00fa\u010dasn\u00e9 modern\u00e9 duchovn\u00e9 piesne a tradi\u010dn\u00e9 adventn\u00e9 z ES. Bo\u017eie slovo na evanjeliov\u00fd text o nerodiacom &#8230; <a title=\"Adventn\u00fd dobro\u010dinn\u00fd baz\u00e1r v cz ECAV  Sv\u00e4t\u00fd Jur\" class=\"read-more\" href=\"https:\/\/www.e-anjelik.sk\/index.php\/2012\/12\/10\/adventny-dobrocinny-bazar-v-cz-ecav-svaty-jur\/\" aria-label=\"Pre\u010d\u00edtajte si viac o Adventn\u00fd dobro\u010dinn\u00fd baz\u00e1r v cz ECAV  Sv\u00e4t\u00fd Jur\">\u010c\u00edta\u0165 viac<\/a><\/p>\n","protected":false},"author":22,"featured_media":0,"comment_status":"open","ping_status":"open","sticky":false,"template":"","format":"standard","meta":{"footnotes":""},"categories":[179,246],"tags":[],"class_list":["post-4947","post","type-post","status-publish","format-standard","hentry","category-advent","category-svaty-jur"],"_links":{"self":[{"href":"https:\/\/www.e-anjelik.sk\/index.php\/wp-json\/wp\/v2\/posts\/4947","targetHints":{"allow":["GET"]}}],"collection":[{"href":"https:\/\/www.e-anjelik.sk\/index.php\/wp-json\/wp\/v2\/posts"}],"about":[{"href":"https:\/\/www.e-anjelik.sk\/index.php\/wp-json\/wp\/v2\/types\/post"}],"author":[{"embeddable":true,"href":"https:\/\/www.e-anjelik.sk\/index.php\/wp-json\/wp\/v2\/users\/22"}],"replies":[{"embeddable":true,"href":"https:\/\/www.e-anjelik.sk\/index.php\/wp-json\/wp\/v2\/comments?post=4947"}],"version-history":[{"count":0,"href":"https:\/\/www.e-anjelik.sk\/index.php\/wp-json\/wp\/v2\/posts\/4947\/revisions"}],"wp:attachment":[{"href":"https:\/\/www.e-anjelik.sk\/index.php\/wp-json\/wp\/v2\/media?parent=4947"}],"wp:term":[{"taxonomy":"category","embeddable":true,"href":"https:\/\/www.e-anjelik.sk\/index.php\/wp-json\/wp\/v2\/categories?post=4947"},{"taxonomy":"post_tag","embeddable":true,"href":"https:\/\/www.e-anjelik.sk\/index.php\/wp-json\/wp\/v2\/tags?post=4947"}],"curies":[{"name":"wp","href":"https:\/\/api.w.org\/{rel}","templated":true}]}}