{"id":4950,"date":"2012-12-10T14:17:21","date_gmt":"2012-12-10T14:17:21","guid":{"rendered":"http:\/\/e-anjelik.sk\/?p=4950"},"modified":"2012-12-10T14:17:21","modified_gmt":"2012-12-10T14:17:21","slug":"tam-kde-je-zivy-pan","status":"publish","type":"post","link":"https:\/\/www.e-anjelik.sk\/index.php\/2012\/12\/10\/tam-kde-je-zivy-pan\/","title":{"rendered":"Tam, kde je \u017eiv\u00fd P\u00e1n"},"content":{"rendered":"<p>                                 Ladislav Fri\u010dovsk\u00fd: Tam, kde je \u017eiv\u00fd P\u00e1n<\/p>\n<p>Tam, kde je \u017eiv\u00fd P\u00e1n,<br \/>\nv\u0161etko sa d\u00e1va do pohybu.<br \/>\nD\u00e1\u017e\u010f pr\u0161\u00ed k nebesiam,<br \/>\nna piesku m\u00f4\u017ee\u0161 chyti\u0165 \u017eiv\u00fa rybu.<\/p>\n<p>Tam, kde je \u017eiv\u00fd P\u00e1n,<br \/>\nnemo\u017en\u00e9 na mo\u017en\u00e9 sa men\u00ed.<br \/>\nNoc planie plamom r\u00e1n<br \/>\na zrno kl\u00ed\u010di na kameni.<\/p>\n<p>Tam, kde je \u017eiv\u00fd P\u00e1n,<br \/>\nbezpe\u010dene dopl\u00e1vaj\u00fa lode.<br \/>\nPln\u00ed sa pr\u00e1zdny d\u017eb\u00e1n<br \/>\na slnko spieva o \u00farode.<\/p>\n<p>Tam, kde je \u017eiv\u00fd P\u00e1n,<br \/>\ni slza v oku perlou jas\u00e1.<br \/>\nbr\u00e1na je dokor\u00e1n<br \/>\na vern\u00fdch \u010dak\u00e1 ve\u010dn\u00e1 sp\u00e1sa.<\/p>\n<p>Tam, kde je \u017eiv\u00fd P\u00e1n,<br \/>\nna prach sa mrvia hrobov steny.<br \/>\nZakvitne hol\u00e1 str\u00e1\u0148,<br \/>\nv pokore k\u013ea\u010d\u00ed\u0161 pri prameni.<\/p>\n<p>\/Zo zbierky: Boh mi je \u0161t\u00edtom- Tranoscius 1995\/<\/p>\n","protected":false},"excerpt":{"rendered":"<p>Ladislav Fri\u010dovsk\u00fd: Tam, kde je \u017eiv\u00fd P\u00e1n Tam, kde je \u017eiv\u00fd P\u00e1n, v\u0161etko sa d\u00e1va do pohybu. D\u00e1\u017e\u010f pr\u0161\u00ed k nebesiam, na piesku m\u00f4\u017ee\u0161 chyti\u0165 \u017eiv\u00fa rybu. Tam, kde je \u017eiv\u00fd P\u00e1n, nemo\u017en\u00e9 na mo\u017en\u00e9 sa men\u00ed. Noc planie plamom r\u00e1n a zrno kl\u00ed\u010di na kameni. Tam, kde je \u017eiv\u00fd P\u00e1n, bezpe\u010dene dopl\u00e1vaj\u00fa lode. Pln\u00ed &#8230; <a title=\"Tam, kde je \u017eiv\u00fd P\u00e1n\" class=\"read-more\" href=\"https:\/\/www.e-anjelik.sk\/index.php\/2012\/12\/10\/tam-kde-je-zivy-pan\/\" aria-label=\"Pre\u010d\u00edtajte si viac o Tam, kde je \u017eiv\u00fd P\u00e1n\">\u010c\u00edta\u0165 viac<\/a><\/p>\n","protected":false},"author":4,"featured_media":0,"comment_status":"open","ping_status":"open","sticky":false,"template":"","format":"standard","meta":{"footnotes":""},"categories":[165],"tags":[],"class_list":["post-4950","post","type-post","status-publish","format-standard","hentry","category-poezia-2"],"_links":{"self":[{"href":"https:\/\/www.e-anjelik.sk\/index.php\/wp-json\/wp\/v2\/posts\/4950","targetHints":{"allow":["GET"]}}],"collection":[{"href":"https:\/\/www.e-anjelik.sk\/index.php\/wp-json\/wp\/v2\/posts"}],"about":[{"href":"https:\/\/www.e-anjelik.sk\/index.php\/wp-json\/wp\/v2\/types\/post"}],"author":[{"embeddable":true,"href":"https:\/\/www.e-anjelik.sk\/index.php\/wp-json\/wp\/v2\/users\/4"}],"replies":[{"embeddable":true,"href":"https:\/\/www.e-anjelik.sk\/index.php\/wp-json\/wp\/v2\/comments?post=4950"}],"version-history":[{"count":0,"href":"https:\/\/www.e-anjelik.sk\/index.php\/wp-json\/wp\/v2\/posts\/4950\/revisions"}],"wp:attachment":[{"href":"https:\/\/www.e-anjelik.sk\/index.php\/wp-json\/wp\/v2\/media?parent=4950"}],"wp:term":[{"taxonomy":"category","embeddable":true,"href":"https:\/\/www.e-anjelik.sk\/index.php\/wp-json\/wp\/v2\/categories?post=4950"},{"taxonomy":"post_tag","embeddable":true,"href":"https:\/\/www.e-anjelik.sk\/index.php\/wp-json\/wp\/v2\/tags?post=4950"}],"curies":[{"name":"wp","href":"https:\/\/api.w.org\/{rel}","templated":true}]}}