{"id":4966,"date":"2012-12-14T11:48:36","date_gmt":"2012-12-14T11:48:36","guid":{"rendered":"http:\/\/e-anjelik.sk\/?p=4966"},"modified":"2012-12-14T11:48:36","modified_gmt":"2012-12-14T11:48:36","slug":"stretnutie-mladeze-z-taize-v-helsinkach","status":"publish","type":"post","link":"https:\/\/www.e-anjelik.sk\/index.php\/2012\/12\/14\/stretnutie-mladeze-z-taize-v-helsinkach\/","title":{"rendered":"Stretnutie ml\u00e1de\u017ee z Taiz\u00e9 v Helsink\u00e1ch"},"content":{"rendered":"<p>28.-30. septembra t.r. bolo v hlavnom meste F\u00ednska sregion\u00e1lne stretnutie ml\u00e1de\u017ee z ekumenick\u00e9ho hnutia Taiz\u00e9 pre severn\u00fa Eur\u00f3pu. Z\u00fa\u010dastnili sa ho ml\u00e1de\u017en\u00edcke skupiny zo \u0160kandin\u00e1vie, F\u00ednska, pobaltsk\u00fdch kraj\u00edn a severoz\u00e1padn\u00e9ho Ruska. Pr\u00edstre\u0161ie na ubytovanie a ra\u0148ajky poskytli f\u00ednske rodiny. V\u0161etky podujatia sa konali v katedr\u00e1le. vo ve\u013ekom stane a na n\u00e1mest\u00ed pred katedr\u00e1lou. Bolo to prv\u00e9 stretznutie vo F\u00ednsku, preto organiz\u00e1tori mali starosti s ve\u013ek\u00fdm po\u010dtom mlad\u00fdch, ale podujatie sa celkom vydarilo. Boli to v\u00e4\u010d\u0161inou modlitby, spevy, \u010d\u00edtania P\u00edsma, medit\u00e1cie., tvoriv\u00e9 dielne a bohoslu\u017eby. Popri tom si na\u0161li \u010das aj na prehliadku pam\u00e4tihodnost\u00ed Hels\u00ednk.<br \/>\n(www.liuteronai.lt)<\/p>\n","protected":false},"excerpt":{"rendered":"<p>28.-30. septembra t.r. bolo v hlavnom meste F\u00ednska sregion\u00e1lne stretnutie ml\u00e1de\u017ee z ekumenick\u00e9ho hnutia Taiz\u00e9 pre severn\u00fa Eur\u00f3pu. Z\u00fa\u010dastnili sa ho ml\u00e1de\u017en\u00edcke skupiny zo \u0160kandin\u00e1vie, F\u00ednska, pobaltsk\u00fdch kraj\u00edn a severoz\u00e1padn\u00e9ho Ruska. Pr\u00edstre\u0161ie na ubytovanie a ra\u0148ajky poskytli f\u00ednske rodiny. V\u0161etky podujatia sa konali v katedr\u00e1le. vo ve\u013ekom stane a na n\u00e1mest\u00ed pred katedr\u00e1lou. Bolo to &#8230; <a title=\"Stretnutie ml\u00e1de\u017ee z Taiz\u00e9 v Helsink\u00e1ch\" class=\"read-more\" href=\"https:\/\/www.e-anjelik.sk\/index.php\/2012\/12\/14\/stretnutie-mladeze-z-taize-v-helsinkach\/\" aria-label=\"Pre\u010d\u00edtajte si viac o Stretnutie ml\u00e1de\u017ee z Taiz\u00e9 v Helsink\u00e1ch\">\u010c\u00edta\u0165 viac<\/a><\/p>\n","protected":false},"author":22,"featured_media":0,"comment_status":"open","ping_status":"open","sticky":false,"template":"","format":"standard","meta":{"footnotes":""},"categories":[2],"tags":[187,234],"class_list":["post-4966","post","type-post","status-publish","format-standard","hentry","category-ekumena","tag-mladez-3","tag-zdruzenia-a-skupiny"],"_links":{"self":[{"href":"https:\/\/www.e-anjelik.sk\/index.php\/wp-json\/wp\/v2\/posts\/4966","targetHints":{"allow":["GET"]}}],"collection":[{"href":"https:\/\/www.e-anjelik.sk\/index.php\/wp-json\/wp\/v2\/posts"}],"about":[{"href":"https:\/\/www.e-anjelik.sk\/index.php\/wp-json\/wp\/v2\/types\/post"}],"author":[{"embeddable":true,"href":"https:\/\/www.e-anjelik.sk\/index.php\/wp-json\/wp\/v2\/users\/22"}],"replies":[{"embeddable":true,"href":"https:\/\/www.e-anjelik.sk\/index.php\/wp-json\/wp\/v2\/comments?post=4966"}],"version-history":[{"count":0,"href":"https:\/\/www.e-anjelik.sk\/index.php\/wp-json\/wp\/v2\/posts\/4966\/revisions"}],"wp:attachment":[{"href":"https:\/\/www.e-anjelik.sk\/index.php\/wp-json\/wp\/v2\/media?parent=4966"}],"wp:term":[{"taxonomy":"category","embeddable":true,"href":"https:\/\/www.e-anjelik.sk\/index.php\/wp-json\/wp\/v2\/categories?post=4966"},{"taxonomy":"post_tag","embeddable":true,"href":"https:\/\/www.e-anjelik.sk\/index.php\/wp-json\/wp\/v2\/tags?post=4966"}],"curies":[{"name":"wp","href":"https:\/\/api.w.org\/{rel}","templated":true}]}}