{"id":4971,"date":"2012-12-14T22:30:16","date_gmt":"2012-12-14T22:30:16","guid":{"rendered":"http:\/\/e-anjelik.sk\/?p=4971"},"modified":"2019-02-22T15:42:40","modified_gmt":"2019-02-22T14:42:40","slug":"martin-razus-adventna","status":"publish","type":"post","link":"https:\/\/www.e-anjelik.sk\/index.php\/2012\/12\/14\/martin-razus-adventna\/","title":{"rendered":"Martin R\u00e1zus: Adventn\u00e1"},"content":{"rendered":"<p>Martin R\u00e1zus:  Adventn\u00e1.<\/p>\n<p>Ke\u010f st\u00edchli polia &#8211; zm\u013akli \u0161\u00edre luhy<br \/>\na miesto tepla mr\u00e1z u\u017e sad\u00e1 tuh\u00fd,<br \/>\nTy ide\u0161, Kriste, medzi \u013eud svoj biedny,<br \/>\ns potechou ide\u0161 &#8211; skromnu\u010dk\u00fd a stredn\u00fd.<br \/>\nPohladi\u0165 ide\u0161 utr\u00e1pen\u00fdch \u010delo,<br \/>\nrozjasni\u0165 v\u0161ade, kde je neveselo,<br \/>\nda\u0165 chud\u00fdm chleba, bezradn\u00fdm zas rady,<br \/>\nvyrovna\u0165 hnevy &#8211; uchl\u00e1choli\u0165 zvady,<br \/>\nsiroty zdvihn\u00fa\u0165 &#8211; podopiera\u0165 vdovy,<br \/>\nnemocn\u00fdch lie\u010di\u0165 presv\u00e4t\u00fdmi slovy&#8230;<\/p>\n<p>&#8211; \u00d3, ve\u010dn\u00fd Kr\u00e1\u013eu, zraky vierou svietia &#8211;<br \/>\nvst\u00fap medzi n\u00e1s &#8211; h\u013ea, vr\u00facne \u010dak\u00e1me \u0164a,<br \/>\nnie s hosannou, len s tich\u00fdm, v\u010fa\u010dn\u00fdm slovom,<br \/>\nchceme zves\u0165 t\u00fa o \u017eivote novom!<br \/>\nPohliadni na n\u00e1s, popraj z l\u00e1sky \u010dasti,<br \/>\nzvl\u00e1\u0161\u0165 chor\u00fdm na\u0161im na bo\u013easti!<\/p>\n<p>A \u017eehnaj bratom, sestr\u00e1m v dia\u013enom svete<br \/>\npre s\u013eub svoj, pre to slovo Tvoje sv\u00e4t\u00e9-<br \/>\nchr\u00e1\u0148 ich od \u017eia\u013eu, uchr\u00e1\u0148 od \u00farazu!<\/p>\n<p>Nedopus\u0165 na n\u00e1s, \u013eud svoj , trest a skazu,<br \/>\nvyrovnaj hnevy, l\u00e1sky popraj o\u010diam,<br \/>\nnech chyst\u00e1me sa sved\u010dne ku Vianociam,<br \/>\njak dietky Tvoje, v nich je st\u00e1la viera,<br \/>\njak ove\u010dky, \u010do chc\u00fa zrie\u0165 na pastiera!<br \/>\nDaj pre\u017ei\u0165 noc, daj v\u00edta\u0165 slnka v\u00fdchod,<br \/>\ndaj sl\u00e1vne sv\u00e4ti\u0165, Pane, ten Tvoj pr\u00edchod,<br \/>\nke\u010f st\u00edchli polia &#8211; zm\u013akli luhy- sady,<br \/>\nTa pote\u0161 st\u00e1re\u017e, osvie\u017e \u017eivot mlad\u00fd,<br \/>\nnech zjasn\u00ed du\u0161e svetla Tvojho prame\u0148<br \/>\na osl\u00e1vi \u0164a, Kriste, \u013eud Tvoj! Amen.<\/p>\n<p>\/Zo zbierky: E.B.Luk\u00e1\u010d: K v\u00fd\u0161in\u00e1m, Tranoscius\/<\/p>\n","protected":false},"excerpt":{"rendered":"<p>Martin R\u00e1zus: Adventn\u00e1. Ke\u010f st\u00edchli polia &#8211; zm\u013akli \u0161\u00edre luhy a miesto tepla mr\u00e1z u\u017e sad\u00e1 tuh\u00fd, Ty ide\u0161, Kriste, medzi \u013eud svoj biedny, s potechou ide\u0161 &#8211; skromnu\u010dk\u00fd a stredn\u00fd. Pohladi\u0165 ide\u0161 utr\u00e1pen\u00fdch \u010delo, rozjasni\u0165 v\u0161ade, kde je neveselo, da\u0165 chud\u00fdm chleba, bezradn\u00fdm zas rady, vyrovna\u0165 hnevy &#8211; uchl\u00e1choli\u0165 zvady, siroty zdvihn\u00fa\u0165 &#8211; podopiera\u0165 &#8230; <a title=\"Martin R\u00e1zus: Adventn\u00e1\" class=\"read-more\" href=\"https:\/\/www.e-anjelik.sk\/index.php\/2012\/12\/14\/martin-razus-adventna\/\" aria-label=\"Pre\u010d\u00edtajte si viac o Martin R\u00e1zus: Adventn\u00e1\">\u010c\u00edta\u0165 viac<\/a><\/p>\n","protected":false},"author":4,"featured_media":0,"comment_status":"open","ping_status":"open","sticky":false,"template":"","format":"standard","meta":{"footnotes":""},"categories":[179,165],"tags":[],"class_list":["post-4971","post","type-post","status-publish","format-standard","hentry","category-advent","category-poezia-2"],"_links":{"self":[{"href":"https:\/\/www.e-anjelik.sk\/index.php\/wp-json\/wp\/v2\/posts\/4971","targetHints":{"allow":["GET"]}}],"collection":[{"href":"https:\/\/www.e-anjelik.sk\/index.php\/wp-json\/wp\/v2\/posts"}],"about":[{"href":"https:\/\/www.e-anjelik.sk\/index.php\/wp-json\/wp\/v2\/types\/post"}],"author":[{"embeddable":true,"href":"https:\/\/www.e-anjelik.sk\/index.php\/wp-json\/wp\/v2\/users\/4"}],"replies":[{"embeddable":true,"href":"https:\/\/www.e-anjelik.sk\/index.php\/wp-json\/wp\/v2\/comments?post=4971"}],"version-history":[{"count":1,"href":"https:\/\/www.e-anjelik.sk\/index.php\/wp-json\/wp\/v2\/posts\/4971\/revisions"}],"predecessor-version":[{"id":32370,"href":"https:\/\/www.e-anjelik.sk\/index.php\/wp-json\/wp\/v2\/posts\/4971\/revisions\/32370"}],"wp:attachment":[{"href":"https:\/\/www.e-anjelik.sk\/index.php\/wp-json\/wp\/v2\/media?parent=4971"}],"wp:term":[{"taxonomy":"category","embeddable":true,"href":"https:\/\/www.e-anjelik.sk\/index.php\/wp-json\/wp\/v2\/categories?post=4971"},{"taxonomy":"post_tag","embeddable":true,"href":"https:\/\/www.e-anjelik.sk\/index.php\/wp-json\/wp\/v2\/tags?post=4971"}],"curies":[{"name":"wp","href":"https:\/\/api.w.org\/{rel}","templated":true}]}}