{"id":4972,"date":"2012-12-15T15:55:38","date_gmt":"2012-12-15T15:55:38","guid":{"rendered":"http:\/\/e-anjelik.sk\/?p=4972"},"modified":"2012-12-15T15:55:38","modified_gmt":"2012-12-15T15:55:38","slug":"15-december","status":"publish","type":"post","link":"https:\/\/www.e-anjelik.sk\/index.php\/2012\/12\/15\/15-december\/","title":{"rendered":"15. DECEMBER"},"content":{"rendered":"<p>                                                                     15. DECEMBER<\/p>\n<p>Tento hrie\u0161nikov prij\u00edma a jed\u00e1va s nimi.<\/p>\n<p>                                                                                                                                                                    Luk\u00e1\u0161 15, 2 b<\/p>\n<p>     V pokolen\u00ed predkov alebo v rodovom registri Krista je vidie\u0165, \u017ee evanjelista tam uv\u00e1dza \u0161tyri \u017eeny, ktor\u00e9 v P\u00edsme maj\u00fa ve\u013emi zl\u00fa poves\u0165: Tamar, Rachab, R\u00fat , Bat\u0161eba; ale o vzorn\u00fdch \u017een\u00e1ch S\u00e1re, Rebeke, Lei a R\u00e1cheel, o t\u00fdch sa ml\u010d\u00ed. Mysl\u00edm si, \u017ee sa tak stalo preto, lebo boli hrie\u0161nicami a vystupuj\u00fa v dlhom rade rodokme\u0148a, z ktor\u00e9ho poch\u00e1dza Kristus, kde s\u00fa aj prostit\u00fatky a nani\u010dhodn\u00edci, aby sa jasne uk\u00e1zalo, ak\u00fa l\u00e1sku ku (k a j \u00fa c i m) hrie\u0161nikom prejavuje.<br \/>\n     Lebo \u010d\u00edm je prav\u00e1 sv\u00e4tos\u0165 sv\u00e4tej\u0161ia, t\u00fdm viac sa pribli\u017euje k hrie\u0161nikom. Keby sa Kristus stal farizejom, nebol by sa ich dot\u00fdkal, \u00e1no, museli by pred N\u00edm pada\u0165 na kolen\u00e1 a On by oh\u0155\u0148al nosom; ale preto, \u017ee bol Sv\u00e4t\u00fd, stret\u00e1vame sa s nimi medzi  jeho star\u00fdmi matkami.<\/p>\n<p>                                                      Martin Luther: Smerovn\u00edk kres\u0165anslej cesty<\/p>\n","protected":false},"excerpt":{"rendered":"<p>15. DECEMBER Tento hrie\u0161nikov prij\u00edma a jed\u00e1va s nimi. Luk\u00e1\u0161 15, 2 b V pokolen\u00ed predkov alebo v rodovom registri Krista je vidie\u0165, \u017ee evanjelista tam uv\u00e1dza \u0161tyri \u017eeny, ktor\u00e9 v P\u00edsme maj\u00fa ve\u013emi zl\u00fa poves\u0165: Tamar, Rachab, R\u00fat , Bat\u0161eba; ale o vzorn\u00fdch \u017een\u00e1ch S\u00e1re, Rebeke, Lei a R\u00e1cheel, o t\u00fdch sa ml\u010d\u00ed. Mysl\u00edm &#8230; <a title=\"15. DECEMBER\" class=\"read-more\" href=\"https:\/\/www.e-anjelik.sk\/index.php\/2012\/12\/15\/15-december\/\" aria-label=\"Pre\u010d\u00edtajte si viac o 15. DECEMBER\">\u010c\u00edta\u0165 viac<\/a><\/p>\n","protected":false},"author":4,"featured_media":0,"comment_status":"open","ping_status":"open","sticky":false,"template":"","format":"standard","meta":{"footnotes":""},"categories":[1],"tags":[],"class_list":["post-4972","post","type-post","status-publish","format-standard","hentry","category-adventna-modlitba"],"_links":{"self":[{"href":"https:\/\/www.e-anjelik.sk\/index.php\/wp-json\/wp\/v2\/posts\/4972","targetHints":{"allow":["GET"]}}],"collection":[{"href":"https:\/\/www.e-anjelik.sk\/index.php\/wp-json\/wp\/v2\/posts"}],"about":[{"href":"https:\/\/www.e-anjelik.sk\/index.php\/wp-json\/wp\/v2\/types\/post"}],"author":[{"embeddable":true,"href":"https:\/\/www.e-anjelik.sk\/index.php\/wp-json\/wp\/v2\/users\/4"}],"replies":[{"embeddable":true,"href":"https:\/\/www.e-anjelik.sk\/index.php\/wp-json\/wp\/v2\/comments?post=4972"}],"version-history":[{"count":0,"href":"https:\/\/www.e-anjelik.sk\/index.php\/wp-json\/wp\/v2\/posts\/4972\/revisions"}],"wp:attachment":[{"href":"https:\/\/www.e-anjelik.sk\/index.php\/wp-json\/wp\/v2\/media?parent=4972"}],"wp:term":[{"taxonomy":"category","embeddable":true,"href":"https:\/\/www.e-anjelik.sk\/index.php\/wp-json\/wp\/v2\/categories?post=4972"},{"taxonomy":"post_tag","embeddable":true,"href":"https:\/\/www.e-anjelik.sk\/index.php\/wp-json\/wp\/v2\/tags?post=4972"}],"curies":[{"name":"wp","href":"https:\/\/api.w.org\/{rel}","templated":true}]}}