{"id":4976,"date":"2012-12-19T10:01:12","date_gmt":"2012-12-19T10:01:12","guid":{"rendered":"http:\/\/e-anjelik.sk\/?p=4976"},"modified":"2012-12-19T10:01:12","modified_gmt":"2012-12-19T10:01:12","slug":"vianocny-pozdrav-slz","status":"publish","type":"post","link":"https:\/\/www.e-anjelik.sk\/index.php\/2012\/12\/19\/vianocny-pozdrav-slz\/","title":{"rendered":"Viano\u010dn\u00fd pozdrav SLZ"},"content":{"rendered":"<p>&#8222;Na Vianoce obdivujeme die\u0165atko , ktor\u00e9 sa narodilo v ma\u0161tali a te\u0161\u00edme sa tomu, \u017ee sa P\u00e1n Boh obr\u00e1til k \u010dloveku. V tomto \u010dase sa modl\u00edme za t\u00fdch \u013eud\u00ed, ktor\u00ed s\u00fa zabudnut\u00ed a pod hrozbou n\u00e1silia \u017eij\u00fa na okraji spolo\u010dnosti, &#8220; p\u00ed\u0161u ved\u00faci predstavitelia Svetov\u00e9ho luter\u00e1nskeho zv\u00e4zu (SLZ) na poh\u013eadnici, ktor\u00fa vydali tieto Vianoce. Na poh\u013eadnici je kresba r\u00f3mskeho maliara J\u00f3zsefa Fenyvesa z Ma\u010farska.<br \/>\n(www.evangelikus.hu)<\/p>\n","protected":false},"excerpt":{"rendered":"<p>&#8222;Na Vianoce obdivujeme die\u0165atko , ktor\u00e9 sa narodilo v ma\u0161tali a te\u0161\u00edme sa tomu, \u017ee sa P\u00e1n Boh obr\u00e1til k \u010dloveku. V tomto \u010dase sa modl\u00edme za t\u00fdch \u013eud\u00ed, ktor\u00ed s\u00fa zabudnut\u00ed a pod hrozbou n\u00e1silia \u017eij\u00fa na okraji spolo\u010dnosti, &#8220; p\u00ed\u0161u ved\u00faci predstavitelia Svetov\u00e9ho luter\u00e1nskeho zv\u00e4zu (SLZ) na poh\u013eadnici, ktor\u00fa vydali tieto Vianoce. Na &#8230; <a title=\"Viano\u010dn\u00fd pozdrav SLZ\" class=\"read-more\" href=\"https:\/\/www.e-anjelik.sk\/index.php\/2012\/12\/19\/vianocny-pozdrav-slz\/\" aria-label=\"Pre\u010d\u00edtajte si viac o Viano\u010dn\u00fd pozdrav SLZ\">\u010c\u00edta\u0165 viac<\/a><\/p>\n","protected":false},"author":22,"featured_media":0,"comment_status":"open","ping_status":"open","sticky":false,"template":"","format":"standard","meta":{"footnotes":""},"categories":[1],"tags":[234],"class_list":["post-4976","post","type-post","status-publish","format-standard","hentry","category-adventna-modlitba","tag-zdruzenia-a-skupiny"],"_links":{"self":[{"href":"https:\/\/www.e-anjelik.sk\/index.php\/wp-json\/wp\/v2\/posts\/4976","targetHints":{"allow":["GET"]}}],"collection":[{"href":"https:\/\/www.e-anjelik.sk\/index.php\/wp-json\/wp\/v2\/posts"}],"about":[{"href":"https:\/\/www.e-anjelik.sk\/index.php\/wp-json\/wp\/v2\/types\/post"}],"author":[{"embeddable":true,"href":"https:\/\/www.e-anjelik.sk\/index.php\/wp-json\/wp\/v2\/users\/22"}],"replies":[{"embeddable":true,"href":"https:\/\/www.e-anjelik.sk\/index.php\/wp-json\/wp\/v2\/comments?post=4976"}],"version-history":[{"count":0,"href":"https:\/\/www.e-anjelik.sk\/index.php\/wp-json\/wp\/v2\/posts\/4976\/revisions"}],"wp:attachment":[{"href":"https:\/\/www.e-anjelik.sk\/index.php\/wp-json\/wp\/v2\/media?parent=4976"}],"wp:term":[{"taxonomy":"category","embeddable":true,"href":"https:\/\/www.e-anjelik.sk\/index.php\/wp-json\/wp\/v2\/categories?post=4976"},{"taxonomy":"post_tag","embeddable":true,"href":"https:\/\/www.e-anjelik.sk\/index.php\/wp-json\/wp\/v2\/tags?post=4976"}],"curies":[{"name":"wp","href":"https:\/\/api.w.org\/{rel}","templated":true}]}}