{"id":4977,"date":"2012-12-19T10:24:36","date_gmt":"2012-12-19T10:24:36","guid":{"rendered":"http:\/\/e-anjelik.sk\/?p=4977"},"modified":"2012-12-19T10:24:36","modified_gmt":"2012-12-19T10:24:36","slug":"150-rokov-obnovenia-ev-slovenskeho-cirkevneho-zboru-v-budapesti","status":"publish","type":"post","link":"https:\/\/www.e-anjelik.sk\/index.php\/2012\/12\/19\/150-rokov-obnovenia-ev-slovenskeho-cirkevneho-zboru-v-budapesti\/","title":{"rendered":"150 rokov obnovenia ev. slovensk\u00e9ho cirkevn\u00e9ho zboru v Budape\u0161ti"},"content":{"rendered":"<p>V nede\u013eu 16. decembra 2012  sa do posledn\u00e9ho miesta zaplnila kaplnka slovensk\u00e9ho ev. cirkevn\u00e9ho zboru v Budape\u0161ti. D\u00f4vodom bolo 150. v\u00fdro\u010die jeho obnovenia . Slovo Bo\u017eie zvestoval na z\u00e1klade Iz 40, 9 gen. biskup ECAV na Slovensku Milo\u0161 Kl\u00e1tik. V k\u00e1zni slovensk\u00fd biskup pr\u00edzvukoval, aby sme ako kres\u0165ania r\u00e1stli v duchovnom slova zmysle. Pr\u00edtomn\u00fdch v mene ECAV v MR  pozdravil Lackner P\u00e1l, krajinsk\u00fd koordin\u00e1tor programov. Odzneli aj pozdravy \u010fal\u0161\u00edch : za ECAV na Slovensku, za \u00darad zahrani\u010dn\u00fdch Slov\u00e1kov, za Zv\u00e4z Slov\u00e1kov v MR, za Slovensk\u00fa celo\u0161t\u00e1tnu samospr\u00e1vu a i.Pr\u00edtomn\u00ed boli i z\u00e1stupcovia Slov\u00e1kov z Prahy. Na podujat\u00ed bol pr\u00edtomn\u00fd aj ve\u013evyslanec SR v MR Peter Weiss.Po bohoslu\u017eb\u00e1ch odhalili pam\u00e4tn\u00fa tabu\u013eu biskupovi D. Bach\u00e1tovi, b\u00e1snikovi a k\u0148azovi J\u00e1novi Koll\u00e1rovi a kantorovi a hudobn\u00e9mu skladate\u013eovi \u013dudov\u00edtovi Iz\u00e1kovi.S\u00fa\u010dasne bola predstaven\u00e1 nov\u00e1 kniha s n\u00e1zvom &#8222;J\u00f3bovsk\u00e9 presk\u00fa\u0161ania &#8211; peripetie jedn\u00e9ho  ev. cirkevn\u00e9ho zboru&#8220;. Ide o pam\u00e4tnicu pe\u0161tianskeho slovensk\u00e9ho ev. cirkevn\u00e9ho zboru.<br \/>\n(www.evangelikus.hu)<\/p>\n","protected":false},"excerpt":{"rendered":"<p>V nede\u013eu 16. decembra 2012 sa do posledn\u00e9ho miesta zaplnila kaplnka slovensk\u00e9ho ev. cirkevn\u00e9ho zboru v Budape\u0161ti. D\u00f4vodom bolo 150. v\u00fdro\u010die jeho obnovenia . Slovo Bo\u017eie zvestoval na z\u00e1klade Iz 40, 9 gen. biskup ECAV na Slovensku Milo\u0161 Kl\u00e1tik. V k\u00e1zni slovensk\u00fd biskup pr\u00edzvukoval, aby sme ako kres\u0165ania r\u00e1stli v duchovnom slova zmysle. Pr\u00edtomn\u00fdch v &#8230; <a title=\"150 rokov obnovenia ev. slovensk\u00e9ho cirkevn\u00e9ho zboru v Budape\u0161ti\" class=\"read-more\" href=\"https:\/\/www.e-anjelik.sk\/index.php\/2012\/12\/19\/150-rokov-obnovenia-ev-slovenskeho-cirkevneho-zboru-v-budapesti\/\" aria-label=\"Pre\u010d\u00edtajte si viac o 150 rokov obnovenia ev. slovensk\u00e9ho cirkevn\u00e9ho zboru v Budape\u0161ti\">\u010c\u00edta\u0165 viac<\/a><\/p>\n","protected":false},"author":22,"featured_media":0,"comment_status":"open","ping_status":"open","sticky":false,"template":"","format":"standard","meta":{"footnotes":""},"categories":[9,10],"tags":[],"class_list":["post-4977","post","type-post","status-publish","format-standard","hentry","category-europa","category-zo-sveta"],"_links":{"self":[{"href":"https:\/\/www.e-anjelik.sk\/index.php\/wp-json\/wp\/v2\/posts\/4977","targetHints":{"allow":["GET"]}}],"collection":[{"href":"https:\/\/www.e-anjelik.sk\/index.php\/wp-json\/wp\/v2\/posts"}],"about":[{"href":"https:\/\/www.e-anjelik.sk\/index.php\/wp-json\/wp\/v2\/types\/post"}],"author":[{"embeddable":true,"href":"https:\/\/www.e-anjelik.sk\/index.php\/wp-json\/wp\/v2\/users\/22"}],"replies":[{"embeddable":true,"href":"https:\/\/www.e-anjelik.sk\/index.php\/wp-json\/wp\/v2\/comments?post=4977"}],"version-history":[{"count":0,"href":"https:\/\/www.e-anjelik.sk\/index.php\/wp-json\/wp\/v2\/posts\/4977\/revisions"}],"wp:attachment":[{"href":"https:\/\/www.e-anjelik.sk\/index.php\/wp-json\/wp\/v2\/media?parent=4977"}],"wp:term":[{"taxonomy":"category","embeddable":true,"href":"https:\/\/www.e-anjelik.sk\/index.php\/wp-json\/wp\/v2\/categories?post=4977"},{"taxonomy":"post_tag","embeddable":true,"href":"https:\/\/www.e-anjelik.sk\/index.php\/wp-json\/wp\/v2\/tags?post=4977"}],"curies":[{"name":"wp","href":"https:\/\/api.w.org\/{rel}","templated":true}]}}