{"id":4978,"date":"2012-12-19T10:41:31","date_gmt":"2012-12-19T10:41:31","guid":{"rendered":"http:\/\/e-anjelik.sk\/?p=4978"},"modified":"2012-12-19T10:41:31","modified_gmt":"2012-12-19T10:41:31","slug":"oslava-vianoc-finov-v-zahranici","status":"publish","type":"post","link":"https:\/\/www.e-anjelik.sk\/index.php\/2012\/12\/19\/oslava-vianoc-finov-v-zahranici\/","title":{"rendered":"Oslava Vianoc F\u00ednov v zahrani\u010d\u00ed"},"content":{"rendered":"<p>Ku oslav\u00e1m Vianoc F\u00ednov v zahrani\u010d\u00ed \u010dasto patr\u00ed slnko a pl\u00e1\u017ee. In\u00ed oslavuj\u00fa tradi\u010dn\u00e9 f\u00ednske Vianoce v kluboch a chr\u00e1moch n\u00e1morn\u00edkov , \u010di zahrani\u010dnej misie. Je mnoho rod\u00edn s dvojakou kult\u00farou a aj v nich \u017eije t\u00fa\u017eba po\u010d\u00fava\u0165 viano\u010dn\u00fa f\u00ednsku hudbu a spieva\u0165 piesne. Tak je tomu v n\u00e1morn\u00edckych kostoloch v Lond\u00fdne \u010di Hamburgu alebo na SB pre turistov na Cypre, kde sl\u00fa\u017ei turistick\u00fd pastor. Na svete je takmer 1,3 mili\u00f3na \u013eud\u00ed s f\u00ednskymi kore\u0148mi. Venuj\u00fa sa im cirkevn\u00e9 zbory, inde na stretania sl\u00fa\u017eia kluby. Evanjelicko -luter\u00e1nska cirkev vo F\u00ednsku pracuje medzi F\u00ednmi v 40 krajin\u00e1ch sveta so 140 zamestnancami.<br \/>\n(evl.fi)<\/p>\n","protected":false},"excerpt":{"rendered":"<p>Ku oslav\u00e1m Vianoc F\u00ednov v zahrani\u010d\u00ed \u010dasto patr\u00ed slnko a pl\u00e1\u017ee. In\u00ed oslavuj\u00fa tradi\u010dn\u00e9 f\u00ednske Vianoce v kluboch a chr\u00e1moch n\u00e1morn\u00edkov , \u010di zahrani\u010dnej misie. Je mnoho rod\u00edn s dvojakou kult\u00farou a aj v nich \u017eije t\u00fa\u017eba po\u010d\u00fava\u0165 viano\u010dn\u00fa f\u00ednsku hudbu a spieva\u0165 piesne. Tak je tomu v n\u00e1morn\u00edckych kostoloch v Lond\u00fdne \u010di Hamburgu alebo &#8230; <a title=\"Oslava Vianoc F\u00ednov v zahrani\u010d\u00ed\" class=\"read-more\" href=\"https:\/\/www.e-anjelik.sk\/index.php\/2012\/12\/19\/oslava-vianoc-finov-v-zahranici\/\" aria-label=\"Pre\u010d\u00edtajte si viac o Oslava Vianoc F\u00ednov v zahrani\u010d\u00ed\">\u010c\u00edta\u0165 viac<\/a><\/p>\n","protected":false},"author":22,"featured_media":0,"comment_status":"open","ping_status":"open","sticky":false,"template":"","format":"standard","meta":{"footnotes":""},"categories":[9,10],"tags":[],"class_list":["post-4978","post","type-post","status-publish","format-standard","hentry","category-europa","category-zo-sveta"],"_links":{"self":[{"href":"https:\/\/www.e-anjelik.sk\/index.php\/wp-json\/wp\/v2\/posts\/4978","targetHints":{"allow":["GET"]}}],"collection":[{"href":"https:\/\/www.e-anjelik.sk\/index.php\/wp-json\/wp\/v2\/posts"}],"about":[{"href":"https:\/\/www.e-anjelik.sk\/index.php\/wp-json\/wp\/v2\/types\/post"}],"author":[{"embeddable":true,"href":"https:\/\/www.e-anjelik.sk\/index.php\/wp-json\/wp\/v2\/users\/22"}],"replies":[{"embeddable":true,"href":"https:\/\/www.e-anjelik.sk\/index.php\/wp-json\/wp\/v2\/comments?post=4978"}],"version-history":[{"count":0,"href":"https:\/\/www.e-anjelik.sk\/index.php\/wp-json\/wp\/v2\/posts\/4978\/revisions"}],"wp:attachment":[{"href":"https:\/\/www.e-anjelik.sk\/index.php\/wp-json\/wp\/v2\/media?parent=4978"}],"wp:term":[{"taxonomy":"category","embeddable":true,"href":"https:\/\/www.e-anjelik.sk\/index.php\/wp-json\/wp\/v2\/categories?post=4978"},{"taxonomy":"post_tag","embeddable":true,"href":"https:\/\/www.e-anjelik.sk\/index.php\/wp-json\/wp\/v2\/tags?post=4978"}],"curies":[{"name":"wp","href":"https:\/\/api.w.org\/{rel}","templated":true}]}}