{"id":4982,"date":"2012-12-20T09:04:00","date_gmt":"2012-12-20T09:04:00","guid":{"rendered":"http:\/\/e-anjelik.sk\/?p=4982"},"modified":"2012-12-20T09:04:00","modified_gmt":"2012-12-20T09:04:00","slug":"20-december","status":"publish","type":"post","link":"https:\/\/www.e-anjelik.sk\/index.php\/2012\/12\/20\/20-december\/","title":{"rendered":"20. DECEMBER"},"content":{"rendered":"<p>                                                                     20. DECEMBER<\/p>\n<p>Lebo tak Boh miloval svet, \u017ee svojho jednoroden\u00e9ho Syna dal, aby nezahynul, ale ve\u010dn\u00fd \u017eivot mal ka\u017ed\u00fd, kto ver\u00ed v Neho.<\/p>\n<p>                                                                                                                                                                         J\u00e1n 3, 16<\/p>\n<p>      Toto sa vz\u0165ahuje na teba takisto ako na sv\u00e4t\u00e9ho Petra a Pavla, lebo si \u010dlovek a \u010das\u0165 sveta. Preto uva\u017euj: Ktovie, \u010di aj ja som medzi t\u00fdmi, ktor\u00fdm je darovan\u00fd Syn Bo\u017e\u00ed a v \u0147om zas\u013e\u00faben\u00fd ve\u010dn\u00fd \u017eivot; lebo by to znamenalo robi\u0165 n\u00e1\u0161ho Boha luh\u00e1rom. Keby \u0165a tak\u00e9to my\u0161lienky napadli, alebo keby \u00fato\u010dil s\u00e1m diabol, pre\u017eehnaj sa, nedaj sa tak\u00fdm my\u0161lienkam oklama\u0165.<br \/>\n      Povedz: \u010co je na tom, \u017ee nie som Petrom ani Pavlom? Keby Boh chcel da\u0165 tento poklad len im a im podobn\u00fdm, ktor\u00ed by Ho boli hodn\u00ed, dal by ho anjelom, \u010dist\u00fdm a nepo\u0161kvrnen\u00fdm duchom, alebo Slnku a Mesiacu. Ale je jasn\u00e9, dal Ho svetu; ten je toho hoden. Preto, aj ke\u010f nie som zaraz ani Peter ani Pavel, nechcem zost\u00e1va\u0165 mimo tohto Daru, \u00e1no, chcem ma\u0165  na \u0148om tak\u00fa ve\u013ek\u00fa \u00fa\u010das\u0165 ako D\u00e1vid a v\u0161etci apo\u0161tolovia.<\/p>\n<p>                                                    Martin Luther: Smerovn\u00ed kres\u0165anskej cesty<\/p>\n","protected":false},"excerpt":{"rendered":"<p>20. DECEMBER Lebo tak Boh miloval svet, \u017ee svojho jednoroden\u00e9ho Syna dal, aby nezahynul, ale ve\u010dn\u00fd \u017eivot mal ka\u017ed\u00fd, kto ver\u00ed v Neho. J\u00e1n 3, 16 Toto sa vz\u0165ahuje na teba takisto ako na sv\u00e4t\u00e9ho Petra a Pavla, lebo si \u010dlovek a \u010das\u0165 sveta. Preto uva\u017euj: Ktovie, \u010di aj ja som medzi t\u00fdmi, ktor\u00fdm je &#8230; <a title=\"20. DECEMBER\" class=\"read-more\" href=\"https:\/\/www.e-anjelik.sk\/index.php\/2012\/12\/20\/20-december\/\" aria-label=\"Pre\u010d\u00edtajte si viac o 20. DECEMBER\">\u010c\u00edta\u0165 viac<\/a><\/p>\n","protected":false},"author":4,"featured_media":0,"comment_status":"open","ping_status":"open","sticky":false,"template":"","format":"standard","meta":{"footnotes":""},"categories":[1],"tags":[],"class_list":["post-4982","post","type-post","status-publish","format-standard","hentry","category-adventna-modlitba"],"_links":{"self":[{"href":"https:\/\/www.e-anjelik.sk\/index.php\/wp-json\/wp\/v2\/posts\/4982","targetHints":{"allow":["GET"]}}],"collection":[{"href":"https:\/\/www.e-anjelik.sk\/index.php\/wp-json\/wp\/v2\/posts"}],"about":[{"href":"https:\/\/www.e-anjelik.sk\/index.php\/wp-json\/wp\/v2\/types\/post"}],"author":[{"embeddable":true,"href":"https:\/\/www.e-anjelik.sk\/index.php\/wp-json\/wp\/v2\/users\/4"}],"replies":[{"embeddable":true,"href":"https:\/\/www.e-anjelik.sk\/index.php\/wp-json\/wp\/v2\/comments?post=4982"}],"version-history":[{"count":0,"href":"https:\/\/www.e-anjelik.sk\/index.php\/wp-json\/wp\/v2\/posts\/4982\/revisions"}],"wp:attachment":[{"href":"https:\/\/www.e-anjelik.sk\/index.php\/wp-json\/wp\/v2\/media?parent=4982"}],"wp:term":[{"taxonomy":"category","embeddable":true,"href":"https:\/\/www.e-anjelik.sk\/index.php\/wp-json\/wp\/v2\/categories?post=4982"},{"taxonomy":"post_tag","embeddable":true,"href":"https:\/\/www.e-anjelik.sk\/index.php\/wp-json\/wp\/v2\/tags?post=4982"}],"curies":[{"name":"wp","href":"https:\/\/api.w.org\/{rel}","templated":true}]}}