{"id":4983,"date":"2012-12-20T10:22:03","date_gmt":"2012-12-20T10:22:03","guid":{"rendered":"http:\/\/e-anjelik.sk\/?p=4983"},"modified":"2012-12-20T10:22:03","modified_gmt":"2012-12-20T10:22:03","slug":"ekumenicke-trojstranne-rozhovory-o-krste-v-rime","status":"publish","type":"post","link":"https:\/\/www.e-anjelik.sk\/index.php\/2012\/12\/20\/ekumenicke-trojstranne-rozhovory-o-krste-v-rime\/","title":{"rendered":"Ekumenick\u00e9 trojstrann\u00e9 rozhovory o Krste v R\u00edme"},"content":{"rendered":"<p>Od 10. do 14. decembra t.r. sa v R\u00edme konali medzin\u00e1rodn\u00e9 ekumenick\u00e9 rozhovory o Krste troch kres\u0165ansk\u00fdch spolo\u010denstiev: katol\u00edckeho, luter\u00e1nskeho a menonitsk\u00e9ho. Hostite\u013eom bola P\u00e1pe\u017esk\u00e1 rada pre jednotu kres\u0165anov. Rokovacia komisia pozost\u00e1va z piatich \u010dlenov: ka\u017ed\u00e1 strana m\u00e1 jedn\u00e9ho z\u00e1stupcu, potom je tam jeden pracovn\u00edk \u0161t\u00e1bu a jeden ko-tajomn\u00edk. Tieto rozhovory o Krste s\u00fa v ekumenickom  \u017eivote d\u00f4le\u017eit\u00e9, lebo k\u00fdm katol\u00edci a luter\u00e1ni v praxi krstia deti, menoniti iba dospel\u00fdch. Dialog potrv\u00e1 p\u00e4\u0165 rokov. Najbli\u017e\u0161ie sa komisia zase stretne v janu\u00e1ri 2014. \u00davodn\u00e9 stretnutie malo t\u00e9mu: Krst a za\u010dlenenie do tela Kristovho , cirkvi&#8220;. Bud\u00face t\u00e9my bud\u00fa:&#8220; Krst: Bo\u017eia milos\u0165 v Kristovi a \u013eudsk\u00fd hriech&#8220;, &#8220; Krst: spolupr\u00e1ca milosti a viery&#8220; a &#8220; \u017divot bez krstu&#8220;.<br \/>\n(www.lutheranworld.org)<\/p>\n","protected":false},"excerpt":{"rendered":"<p>Od 10. do 14. decembra t.r. sa v R\u00edme konali medzin\u00e1rodn\u00e9 ekumenick\u00e9 rozhovory o Krste troch kres\u0165ansk\u00fdch spolo\u010denstiev: katol\u00edckeho, luter\u00e1nskeho a menonitsk\u00e9ho. Hostite\u013eom bola P\u00e1pe\u017esk\u00e1 rada pre jednotu kres\u0165anov. Rokovacia komisia pozost\u00e1va z piatich \u010dlenov: ka\u017ed\u00e1 strana m\u00e1 jedn\u00e9ho z\u00e1stupcu, potom je tam jeden pracovn\u00edk \u0161t\u00e1bu a jeden ko-tajomn\u00edk. Tieto rozhovory o Krste s\u00fa v &#8230; <a title=\"Ekumenick\u00e9 trojstrann\u00e9 rozhovory o Krste v R\u00edme\" class=\"read-more\" href=\"https:\/\/www.e-anjelik.sk\/index.php\/2012\/12\/20\/ekumenicke-trojstranne-rozhovory-o-krste-v-rime\/\" aria-label=\"Pre\u010d\u00edtajte si viac o Ekumenick\u00e9 trojstrann\u00e9 rozhovory o Krste v R\u00edme\">\u010c\u00edta\u0165 viac<\/a><\/p>\n","protected":false},"author":22,"featured_media":0,"comment_status":"open","ping_status":"open","sticky":false,"template":"","format":"standard","meta":{"footnotes":""},"categories":[2],"tags":[],"class_list":["post-4983","post","type-post","status-publish","format-standard","hentry","category-ekumena"],"_links":{"self":[{"href":"https:\/\/www.e-anjelik.sk\/index.php\/wp-json\/wp\/v2\/posts\/4983","targetHints":{"allow":["GET"]}}],"collection":[{"href":"https:\/\/www.e-anjelik.sk\/index.php\/wp-json\/wp\/v2\/posts"}],"about":[{"href":"https:\/\/www.e-anjelik.sk\/index.php\/wp-json\/wp\/v2\/types\/post"}],"author":[{"embeddable":true,"href":"https:\/\/www.e-anjelik.sk\/index.php\/wp-json\/wp\/v2\/users\/22"}],"replies":[{"embeddable":true,"href":"https:\/\/www.e-anjelik.sk\/index.php\/wp-json\/wp\/v2\/comments?post=4983"}],"version-history":[{"count":0,"href":"https:\/\/www.e-anjelik.sk\/index.php\/wp-json\/wp\/v2\/posts\/4983\/revisions"}],"wp:attachment":[{"href":"https:\/\/www.e-anjelik.sk\/index.php\/wp-json\/wp\/v2\/media?parent=4983"}],"wp:term":[{"taxonomy":"category","embeddable":true,"href":"https:\/\/www.e-anjelik.sk\/index.php\/wp-json\/wp\/v2\/categories?post=4983"},{"taxonomy":"post_tag","embeddable":true,"href":"https:\/\/www.e-anjelik.sk\/index.php\/wp-json\/wp\/v2\/tags?post=4983"}],"curies":[{"name":"wp","href":"https:\/\/api.w.org\/{rel}","templated":true}]}}