{"id":4985,"date":"2012-12-20T10:53:17","date_gmt":"2012-12-20T10:53:17","guid":{"rendered":"http:\/\/e-anjelik.sk\/?p=4985"},"modified":"2012-12-20T10:53:17","modified_gmt":"2012-12-20T10:53:17","slug":"20-vianocne-vespery-pred-frauenkirche-v-drazdanoch","status":"publish","type":"post","link":"https:\/\/www.e-anjelik.sk\/index.php\/2012\/12\/20\/20-vianocne-vespery-pred-frauenkirche-v-drazdanoch\/","title":{"rendered":"20. viano\u010dn\u00e9 ve\u0161pery pred Frauenkirche v Dr\u00e1\u017e\u010fanoch"},"content":{"rendered":"<p>Spolok na podporu Frauenkirche a Z\u00e1kladina Frauenkirche Dr\u00e1\u017e\u010fany usporad\u00favaj\u00fa tohto roku v nede\u013eu 23. decembra  u\u017e po 20-t\u00fd raz na n\u00e1mest\u00ed pred Frauenkirche v Dr\u00e1\u017e\u010fanoch ve\u010dern\u00e9 viano\u010dn\u00e9 slu\u017eby Bo\u017eie &#8211; ve\u0161pery. U\u017e tesne popoludn\u00ed 23. dec. bud\u00fa tam stretnutia s umelcami, dychov\u00e1 hudba bude hra\u0165 viano\u010dn\u00e9 piesne a koledy. Na bohoslu\u017ebe bude pr\u00edtomn\u00fd krajinsk\u00fd biskup Jochen  Bohl a predseda vl\u00e1dy Saska Stanislaw Tillich a in\u00ed. Na podujatie napriek snehu a mrazu prich\u00e1dzaj\u00fa desa\u0165tis\u00edce os\u00f4b z domova i zo zahrani\u010dia. Doteraz ich pri\u0161lo spolu 378 tis\u00edc.<br \/>\n(www.evlks.de)<\/p>\n","protected":false},"excerpt":{"rendered":"<p>Spolok na podporu Frauenkirche a Z\u00e1kladina Frauenkirche Dr\u00e1\u017e\u010fany usporad\u00favaj\u00fa tohto roku v nede\u013eu 23. decembra u\u017e po 20-t\u00fd raz na n\u00e1mest\u00ed pred Frauenkirche v Dr\u00e1\u017e\u010fanoch ve\u010dern\u00e9 viano\u010dn\u00e9 slu\u017eby Bo\u017eie &#8211; ve\u0161pery. U\u017e tesne popoludn\u00ed 23. dec. bud\u00fa tam stretnutia s umelcami, dychov\u00e1 hudba bude hra\u0165 viano\u010dn\u00e9 piesne a koledy. Na bohoslu\u017ebe bude pr\u00edtomn\u00fd krajinsk\u00fd biskup &#8230; <a title=\"20. viano\u010dn\u00e9 ve\u0161pery pred Frauenkirche v Dr\u00e1\u017e\u010fanoch\" class=\"read-more\" href=\"https:\/\/www.e-anjelik.sk\/index.php\/2012\/12\/20\/20-vianocne-vespery-pred-frauenkirche-v-drazdanoch\/\" aria-label=\"Pre\u010d\u00edtajte si viac o 20. viano\u010dn\u00e9 ve\u0161pery pred Frauenkirche v Dr\u00e1\u017e\u010fanoch\">\u010c\u00edta\u0165 viac<\/a><\/p>\n","protected":false},"author":22,"featured_media":0,"comment_status":"open","ping_status":"open","sticky":false,"template":"","format":"standard","meta":{"footnotes":""},"categories":[159],"tags":[249,242],"class_list":["post-4985","post","type-post","status-publish","format-standard","hentry","category-vianoce","tag-bohosluzby","tag-slavnosti"],"_links":{"self":[{"href":"https:\/\/www.e-anjelik.sk\/index.php\/wp-json\/wp\/v2\/posts\/4985","targetHints":{"allow":["GET"]}}],"collection":[{"href":"https:\/\/www.e-anjelik.sk\/index.php\/wp-json\/wp\/v2\/posts"}],"about":[{"href":"https:\/\/www.e-anjelik.sk\/index.php\/wp-json\/wp\/v2\/types\/post"}],"author":[{"embeddable":true,"href":"https:\/\/www.e-anjelik.sk\/index.php\/wp-json\/wp\/v2\/users\/22"}],"replies":[{"embeddable":true,"href":"https:\/\/www.e-anjelik.sk\/index.php\/wp-json\/wp\/v2\/comments?post=4985"}],"version-history":[{"count":0,"href":"https:\/\/www.e-anjelik.sk\/index.php\/wp-json\/wp\/v2\/posts\/4985\/revisions"}],"wp:attachment":[{"href":"https:\/\/www.e-anjelik.sk\/index.php\/wp-json\/wp\/v2\/media?parent=4985"}],"wp:term":[{"taxonomy":"category","embeddable":true,"href":"https:\/\/www.e-anjelik.sk\/index.php\/wp-json\/wp\/v2\/categories?post=4985"},{"taxonomy":"post_tag","embeddable":true,"href":"https:\/\/www.e-anjelik.sk\/index.php\/wp-json\/wp\/v2\/tags?post=4985"}],"curies":[{"name":"wp","href":"https:\/\/api.w.org\/{rel}","templated":true}]}}