{"id":4993,"date":"2012-12-22T12:17:41","date_gmt":"2012-12-22T12:17:41","guid":{"rendered":"http:\/\/e-anjelik.sk\/?p=4993"},"modified":"2012-12-22T12:17:41","modified_gmt":"2012-12-22T12:17:41","slug":"pastiersky-list-zboru-biskupov-ecav-na-slovensku-vianoce-2012","status":"publish","type":"post","link":"https:\/\/www.e-anjelik.sk\/index.php\/2012\/12\/22\/pastiersky-list-zboru-biskupov-ecav-na-slovensku-vianoce-2012\/","title":{"rendered":"Pastiersky list Zboru biskupov ECAV na Slovensku -Vianoce 2012"},"content":{"rendered":"<p>Pastiersky list Zboru biskupov ECAV na Slovensku<br \/>\n1. sviatok viano\u010dn\u00fd 2012<\/p>\n<p>     Bratia a sestry v P\u00e1novi Je\u017ei\u0161ovi Kristovi!<br \/>\n     Na ot\u00e1zku: Kto je P\u00e1n Boh? \u2013 m\u00f4\u017eeme da\u0165 na z\u00e1klade P\u00edsma sv\u00e4t\u00e9ho rozli\u010dn\u00e9 odpovede. Vo svojej podstate s\u00fa v\u0161ak v\u0161etky odpovede spojen\u00e9 s odpove\u010fou, ktor\u00fa n\u00e1m d\u00e1va apo\u0161tol J\u00e1n, ke\u010f p\u00ed\u0161e: Boh je l\u00e1ska (1J 4, 8b).<br \/>\n     Hlavn\u00fdm a najv\u00e4\u010d\u0161\u00edm prejavom Bo\u017eej l\u00e1sky k n\u00e1m je P\u00e1n Je\u017ei\u0161 Kristus. Na l\u00e1sku zjaven\u00fa v \u0147om n\u00e1s J\u00e1n upozor\u0148uje slovami: Pozrite, ak\u00fa l\u00e1sku dal n\u00e1m Otec, aby sme sa volali Bo\u017e\u00edmi de\u0165mi; a nimi sme (1J 3, 1a).<br \/>\n     Slovo pozrite je sign\u00e1lom, ktor\u00fdm n\u00e1s apo\u0161tol upozor\u0148uje, \u017ee si m\u00e1me v\u0161imn\u00fa\u0165 nie\u010do, \u010do je mimoriadne d\u00f4le\u017eit\u00e9, \u017ee m\u00e1me na to s\u00fastredi\u0165 svoj z\u00e1ujem.<br \/>\n     T\u00fdm predmetom n\u00e1\u0161ho z\u00e1ujmu m\u00e1 by\u0165 Bo\u017eia l\u00e1ska k n\u00e1m. Bo\u017eia l\u00e1ska, to nie je nie\u010do, k \u010domu by mal \u010dlovek unika\u0165 vo svojej fant\u00e1zii preto, aby sa aspo\u0148 na chv\u00ed\u013eu klamne vymanil z reality \u017eivota, nie je to len zbo\u017en\u00e1 t\u00fa\u017eba utl\u00e1\u010dan\u00e9ho \u010dloveka, ktor\u00fd nepoznal ve\u013ea l\u00e1sky v tejto \u010dasnosti, jednoducho \u2013 Bo\u017eia l\u00e1ska nie je v\u00fdplod \u013eudsk\u00e9ho mozgu a citov. Apo\u0161tol n\u00e1m p\u00ed\u0161e: Pozrite! L\u00e1sku Bo\u017eiu je teda mo\u017en\u00e9 vidie\u0165, pozna\u0165, za\u017ei\u0165, preto\u017ee je skuto\u010dnos\u0165ou. Pravda, o\u010di, ktor\u00fdmi sa d\u00e1 Bo\u017eia l\u00e1ska ve\u013emi jasne vidie\u0165, sa naz\u00fdvaj\u00fa: viera.<br \/>\n     Apo\u0161tolovo pozrite je akoby prst, ktor\u00fd n\u00e1m aj v dne\u0161n\u00fd de\u0148 ukazuje do Betlehema, na chudobn\u00e9 die\u0165a polo\u017een\u00e9 v jasliach. Toto die\u0165a v\u0161ak znamen\u00e1 stelesnen\u00fa Bo\u017eiu l\u00e1sku. Bo\u017e\u00ed \u010din, ktor\u00fd umo\u017enil pr\u00edchod P\u00e1na Je\u017ei\u0161a na tento svet v tele \u010dloveka, hlboko zasiahol do dej\u00edn \u013eudstva i do n\u00e1\u0161ho osobn\u00e9ho \u017eivota.<br \/>\n     Je\u017ei\u0161 Kristus vzal na seba na\u0161u podobu, aby sme sa my mohli sta\u0165 podobn\u00fdmi Jemu. Apo\u0161tol v Liste \u017didom p\u00ed\u0161e, \u017ee P\u00e1n Je\u017ei\u0161 n\u00e1s menuje svojimi bratmi (\u017did 2, 11). A ak sme Jeho bratmi a sestrami, sme aj de\u0165mi Bo\u017e\u00edmi. Tak to \u010d\u00edtame i v Evanjeliu pod\u013ea J\u00e1na: Ale t\u00fdm, \u010do Ho prijali, dal moc sta\u0165 sa de\u0165mi Bo\u017e\u00edmi<br \/>\n(J 1, 12). \u2013 To je pre n\u00e1s ve\u013ek\u00fd a ve\u013emi vz\u00e1cny odkaz o Bo\u017eej l\u00e1ske a milosti.                                                                  . \/.<br \/>\n        Apo\u0161tol J\u00e1n zd\u00f4raz\u0148uje, \u017ee sme Bo\u017e\u00edmi de\u0165mi. T\u00e1to nov\u00e1 hodnota \u010dloveka prevy\u0161uje v\u0161etky ostatn\u00e9, ktor\u00e9 tu dost\u00e1vame a m\u00e1me. Boh n\u00e1s \u0148ou obdaroval preto, \u017ee Bo\u017e\u00ed Syn sa stal \u010dlovekom a na\u0161\u00edm bratom \u2013 to je div l\u00e1sky Vianoc!<br \/>\n     Ke\u010f sme Bo\u017e\u00edmi de\u0165mi, to znamen\u00e1, \u017ee sme si navz\u00e1jom bratmi a sestrami. Vianoce s\u00fa teda nielen sviatkami Bo\u017eej l\u00e1sky k n\u00e1m, ale aj sviatkami na\u0161ej l\u00e1sky k druh\u00fdm \u013eu\u010fom. L\u00e1ska k bl\u00ed\u017enym zah\u0155\u0148a \u00factu, porozumenie, \u010destnos\u0165, oslobodenie sa od egoizmu a jeho prejavov, znamen\u00e1 vedie\u0165 odpusti\u0165, ale znamen\u00e1 aj neby\u0165 \u013eahostajn\u00fd k prejavom nespravodlivosti a nemor\u00e1lnosti; s\u00fa\u010das\u0165ou l\u00e1sky k bl\u00ed\u017enym s\u00fa i modlitby za nich.<br \/>\n     Boh, ktor\u00fd sa stal die\u0165a\u0165om \u010dloveka, aby sme sa my stali Bo\u017e\u00edmi de\u0165mi, n\u00e1m aj po\u010das t\u00fdchto viano\u010dn\u00fdch sviatkov pripom\u00edna, \u017ee m\u00e1me \u017ei\u0165 v l\u00e1ske. Preto\u017ee skuto\u010dn\u00e1 l\u00e1ska d\u00e1va \u010dloveku \u013eudsk\u00fa d\u00f4stojnos\u0165, je liekom na chor\u00e9 medzi\u013eudsk\u00e9 vz\u0165ahy, na mnoh\u00e9 probl\u00e9my, na kr\u00edzu ka\u017ed\u00e9ho druhu.<br \/>\n     \u017divot v Bo\u017eej l\u00e1ske a v l\u00e1ske Bo\u017e\u00edch det\u00ed sa nekon\u010d\u00ed vtedy, ke\u010f sa kon\u010dia viano\u010dn\u00e9 sviatky, preto\u017ee tak\u00fdto \u017eivot je poslan\u00edm, \u00falohou a zmyslom konania ka\u017ed\u00e9ho kres\u0165ana.<\/p>\n<p>     Prajeme V\u00e1m v\u0161etk\u00fdm, Va\u0161im rodin\u00e1m a cirkevn\u00fdm zborom Bo\u017eou l\u00e1skou a milos\u0165ou po\u017eehnan\u00e9 viano\u010dn\u00e9 sviatky.<\/p>\n<p>Slavom\u00edr Sabol           Milo\u0161 Kl\u00e1tik                        Milan Krivda<br \/>\nbiskup VD                   gener\u00e1lny biskup               biskup ZD<br \/>\nZ bulletinu ecavba prevzal V.L\u00e1ska.<\/p>\n","protected":false},"excerpt":{"rendered":"<p>Pastiersky list Zboru biskupov ECAV na Slovensku 1. sviatok viano\u010dn\u00fd 2012 Bratia a sestry v P\u00e1novi Je\u017ei\u0161ovi Kristovi! Na ot\u00e1zku: Kto je P\u00e1n Boh? \u2013 m\u00f4\u017eeme da\u0165 na z\u00e1klade P\u00edsma sv\u00e4t\u00e9ho rozli\u010dn\u00e9 odpovede. Vo svojej podstate s\u00fa v\u0161ak v\u0161etky odpovede spojen\u00e9 s odpove\u010fou, ktor\u00fa n\u00e1m d\u00e1va apo\u0161tol J\u00e1n, ke\u010f p\u00ed\u0161e: Boh je l\u00e1ska (1J 4, &#8230; <a title=\"Pastiersky list Zboru biskupov ECAV na Slovensku -Vianoce 2012\" class=\"read-more\" href=\"https:\/\/www.e-anjelik.sk\/index.php\/2012\/12\/22\/pastiersky-list-zboru-biskupov-ecav-na-slovensku-vianoce-2012\/\" aria-label=\"Pre\u010d\u00edtajte si viac o Pastiersky list Zboru biskupov ECAV na Slovensku -Vianoce 2012\">\u010c\u00edta\u0165 viac<\/a><\/p>\n","protected":false},"author":22,"featured_media":0,"comment_status":"open","ping_status":"open","sticky":false,"template":"","format":"standard","meta":{"footnotes":""},"categories":[1],"tags":[219],"class_list":["post-4993","post","type-post","status-publish","format-standard","hentry","category-adventna-modlitba","tag-nabozenska-vychova"],"_links":{"self":[{"href":"https:\/\/www.e-anjelik.sk\/index.php\/wp-json\/wp\/v2\/posts\/4993","targetHints":{"allow":["GET"]}}],"collection":[{"href":"https:\/\/www.e-anjelik.sk\/index.php\/wp-json\/wp\/v2\/posts"}],"about":[{"href":"https:\/\/www.e-anjelik.sk\/index.php\/wp-json\/wp\/v2\/types\/post"}],"author":[{"embeddable":true,"href":"https:\/\/www.e-anjelik.sk\/index.php\/wp-json\/wp\/v2\/users\/22"}],"replies":[{"embeddable":true,"href":"https:\/\/www.e-anjelik.sk\/index.php\/wp-json\/wp\/v2\/comments?post=4993"}],"version-history":[{"count":0,"href":"https:\/\/www.e-anjelik.sk\/index.php\/wp-json\/wp\/v2\/posts\/4993\/revisions"}],"wp:attachment":[{"href":"https:\/\/www.e-anjelik.sk\/index.php\/wp-json\/wp\/v2\/media?parent=4993"}],"wp:term":[{"taxonomy":"category","embeddable":true,"href":"https:\/\/www.e-anjelik.sk\/index.php\/wp-json\/wp\/v2\/categories?post=4993"},{"taxonomy":"post_tag","embeddable":true,"href":"https:\/\/www.e-anjelik.sk\/index.php\/wp-json\/wp\/v2\/tags?post=4993"}],"curies":[{"name":"wp","href":"https:\/\/api.w.org\/{rel}","templated":true}]}}