{"id":4995,"date":"2012-12-22T19:38:33","date_gmt":"2012-12-22T19:38:33","guid":{"rendered":"http:\/\/e-anjelik.sk\/?p=4995"},"modified":"2012-12-22T19:38:33","modified_gmt":"2012-12-22T19:38:33","slug":"3-2-advent-v-rodine","status":"publish","type":"post","link":"https:\/\/www.e-anjelik.sk\/index.php\/2012\/12\/22\/3-2-advent-v-rodine\/","title":{"rendered":"3.2. Advent v rodine"},"content":{"rendered":"<p>  \/ Spomienky Branislava Kol\u00e9nyho :\/<\/p>\n<p>     Rodi\u010dia po\u010das adventu nezab\u00fadali na n\u00e1bo\u017eensk\u00fa v\u00fdchovu. T\u00fato funkciu realizovali otec aj matka. Matka u\u010dila deti modli\u0165 sa a to r\u00e1no, ve\u010der, pred a po ka\u017edom jedle. V detstve to muselo by\u0165 v\u017edy nahlas. Otec u\u010dil deti spieva\u0165 n\u00e1bo\u017en\u00e9 piesne. Okrem toho rozpr\u00e1val svojim de\u0165om biblick\u00e9 pr\u00edbehy, ktor\u00e9 boli v advente aktu\u00e1lne, a to v\u017edy v podve\u010der, ke\u010f sa stmievalo a bolo treba zap\u00e1li\u0165 petrolejov\u00fa lampu.<br \/>\n    Otec, ke\u010f mu \u010das dovolil, rozpr\u00e1val o J\u00e1novi Krstite\u013eovi, o tom, ako krstil v rieke Jord\u00e1ne \u013eud\u00ed a pripravoval ich na pr\u00edchod Bo\u017eieho Syna, prorokmi zas\u013e\u00faben\u00e9ho Spasite\u013ea. Vedel vzbudi\u0165 v n\u00e1s skuto\u010dn\u00e9 o\u010dak\u00e1vanie ve\u013ekej viano\u010dnej udalosti. Vykres\u013eoval n\u00e1m betlehemsk\u00fa udalos\u0165 ako nie\u010do ve\u013eav\u00fdznamn\u00e9, \u010do prich\u00e1dza nie od \u013eud\u00ed, ale od Hospodina, nie zo zeme, ale z nebeies. Jeho vyjadrovanie sna\u017eilo sa kore\u0161pondova\u0165 s na\u0161\u00edm vekom a sna\u017eil sa \u010d\u00edm menej pou\u017e\u00edva\u0165 teologick\u00e9 vyjadrenia a \u010d\u00edm hlb\u0161ie zasiahn\u00fa\u0165 detsk\u00e9 srdce, aby prijat\u00e9 biblick\u00e9 semia\u010dko padlo do \u00farodnej p\u00f4dy a prin\u00e1\u0161alo po\u017eehnan\u00fa \u00farodu vo forme hrejiv\u00e9ho vz\u0165ahu k nebesk\u00e9mu P\u00e1novi.<\/p>\n<p>   V\u00fdznamnou udalos\u0165ou bol Mikul\u00e1\u0161. Do rodiny prich\u00e1dzal u\u010dite\u013e prezle\u010den\u00fd do biskupsk\u00e9ho kost\u00fdmu a priniesol skromn\u00e9 dar\u010deky. Tento mikul\u00e1\u0161sky zvyk, p\u00f4vodne r\u00edmskokatol\u00edcky, sa tak udom\u00e1cnil i v evanjelick\u00fdch rodin\u00e1ch.<br \/>\n   Viano\u010dn\u00e9 obl\u00e1tky sa nepiekli na fare, ale u kantora. Far\u00e1rske deti ich v\u0161ak pom\u00e1hali rozn\u00e1\u0161a\u0165.<\/p>\n<p>\/Pokra\u010dovanie&#8230;.\/<\/p>\n","protected":false},"excerpt":{"rendered":"<p>\/ Spomienky Branislava Kol\u00e9nyho :\/ Rodi\u010dia po\u010das adventu nezab\u00fadali na n\u00e1bo\u017eensk\u00fa v\u00fdchovu. T\u00fato funkciu realizovali otec aj matka. Matka u\u010dila deti modli\u0165 sa a to r\u00e1no, ve\u010der, pred a po ka\u017edom jedle. V detstve to muselo by\u0165 v\u017edy nahlas. Otec u\u010dil deti spieva\u0165 n\u00e1bo\u017en\u00e9 piesne. Okrem toho rozpr\u00e1val svojim de\u0165om biblick\u00e9 pr\u00edbehy, ktor\u00e9 boli v &#8230; <a title=\"3.2. Advent v rodine\" class=\"read-more\" href=\"https:\/\/www.e-anjelik.sk\/index.php\/2012\/12\/22\/3-2-advent-v-rodine\/\" aria-label=\"Pre\u010d\u00edtajte si viac o 3.2. Advent v rodine\">\u010c\u00edta\u0165 viac<\/a><\/p>\n","protected":false},"author":4,"featured_media":0,"comment_status":"open","ping_status":"open","sticky":false,"template":"","format":"standard","meta":{"footnotes":""},"categories":[179,159],"tags":[],"class_list":["post-4995","post","type-post","status-publish","format-standard","hentry","category-advent","category-vianoce"],"_links":{"self":[{"href":"https:\/\/www.e-anjelik.sk\/index.php\/wp-json\/wp\/v2\/posts\/4995","targetHints":{"allow":["GET"]}}],"collection":[{"href":"https:\/\/www.e-anjelik.sk\/index.php\/wp-json\/wp\/v2\/posts"}],"about":[{"href":"https:\/\/www.e-anjelik.sk\/index.php\/wp-json\/wp\/v2\/types\/post"}],"author":[{"embeddable":true,"href":"https:\/\/www.e-anjelik.sk\/index.php\/wp-json\/wp\/v2\/users\/4"}],"replies":[{"embeddable":true,"href":"https:\/\/www.e-anjelik.sk\/index.php\/wp-json\/wp\/v2\/comments?post=4995"}],"version-history":[{"count":0,"href":"https:\/\/www.e-anjelik.sk\/index.php\/wp-json\/wp\/v2\/posts\/4995\/revisions"}],"wp:attachment":[{"href":"https:\/\/www.e-anjelik.sk\/index.php\/wp-json\/wp\/v2\/media?parent=4995"}],"wp:term":[{"taxonomy":"category","embeddable":true,"href":"https:\/\/www.e-anjelik.sk\/index.php\/wp-json\/wp\/v2\/categories?post=4995"},{"taxonomy":"post_tag","embeddable":true,"href":"https:\/\/www.e-anjelik.sk\/index.php\/wp-json\/wp\/v2\/tags?post=4995"}],"curies":[{"name":"wp","href":"https:\/\/api.w.org\/{rel}","templated":true}]}}