{"id":5001,"date":"2012-12-26T15:29:49","date_gmt":"2012-12-26T15:29:49","guid":{"rendered":"http:\/\/e-anjelik.sk\/?p=5001"},"modified":"2012-12-26T15:29:49","modified_gmt":"2012-12-26T15:29:49","slug":"nova-mladeznicka-liturgia-k-vp","status":"publish","type":"post","link":"https:\/\/www.e-anjelik.sk\/index.php\/2012\/12\/26\/nova-mladeznicka-liturgia-k-vp\/","title":{"rendered":"Nov\u00e1 ml\u00e1de\u017en\u00edcka liturgia k VP"},"content":{"rendered":"<p>   Existuj\u00faci poriadok ml\u00e1de\u017en\u00edckych SB v agende umo\u017e\u0148uje ma\u0165 Ve\u010deru P\u00e1novu na Ml\u00e1de\u017en\u00edckych Slu\u017eb\u00e1ch Bo\u017e\u00edch. Agenda pozn\u00e1 2 sp\u00f4soby Ve\u010dere P\u00e1novej. Ani jedn\u00fdm sp\u00f4sobom sa v\u0161ak VP ned\u00e1 zahra\u0165 s gitarou, pr\u00edpadne s celou kapelou. Obe liturgie toti\u017e obsahuj\u00fa pas\u00e1\u017ee bez pevn\u00e9ho rytmu (bez taktov\u00fdch \u010diar). Prakticky to znamen\u00e1, \u017ee Ve\u010dera P\u00e1nova mus\u00ed by\u0165 doprev\u00e1dzan\u00e1 organom aj na Ml\u00e1de\u017en\u00edckych slu\u017eb\u00e1ch Bo\u017e\u00edch.<br \/>\n   Ke\u010f\u017ee cirkev schv\u00e1lila Ml\u00e1de\u017en\u00edcke slu\u017eby Bo\u017eie, kde sa m\u00f4\u017eu hra\u0165 piesne na gitare, \u010di aj s bubnami, je potrebn\u00e9, aby sa tak\u00fdmto sp\u00f4sobom mohla zahra\u0165 aj Ve\u010dera P\u00e1nova. Mysl\u00edm si, \u017ee je jednoducho lep\u0161ie, ke\u010f cel\u00e9 slu\u017eby Bo\u017eie, ak\u00e9ko\u013evek, maj\u00fa ucelen\u00fd, jednotn\u00fd \u0161t\u00fdl. Je to menej ru\u0161iv\u00e9 a pochopite\u013enej\u0161ie pre posluch\u00e1\u010dov.<br \/>\n   Preto\u017ee \u017eiadna tak\u00e1 ml\u00e1de\u017en\u00edcka liturgia v sloven\u010dine nie je, aspo\u0148 som sa takou zatia\u013e nestretol, rozhodol som sa, \u017ee p\u00f4jdem s ko\u017eou na trh a pok\u00fasim sa ju zlo\u017ei\u0165. \u010ci sa ujme, je ved\u013eaj\u0161ie, ale povedal som si zn\u00e1me: Lep\u0161ie za\u017ea\u0165 mal\u00e9 svetlo ako nad\u00e1va\u0165 na tmu&#8230;<br \/>\n   V\u00fdsledok je k dispoz\u00edcii na nasleduj\u00facom linku, z ktor\u00e9ho sa to d\u00e1 aj stiahnu\u0165:<\/p>\n<p><a href=\"http:\/\/f.cl.ly\/items\/46160O3H29223X3A200O\/Liturgia%20VP.mp3\">Nov\u00e1 ml\u00e1de\u017en\u00edcka liturgia k Ve\u010deri P\u00e1novej<\/a><\/p>\n<p>   Konzultoval som to s hudobn\u00fdm skladate\u013eom p\u00e1nom Valentom, sk\u00fa\u0161obne sme ju hrali na ml\u00e1de\u017ei, zd\u00e1 sa, \u017ee mlad\u00fdch prinajmen\u0161om neodpudzuje.<br \/>\n   Podali sme ju na schv\u00e1lenie aj na Bohoslu\u017eobn\u00fd v\u00fdbor cirkvi, zatia\u013e sa nevyjadrili.<br \/>\n   Nemysl\u00edm si, \u017ee je to neviem ak\u00e9 umeleck\u00e9 dielo, ale pou\u017ei\u0165 sa to, mysl\u00edm, d\u00e1. Ke\u010f u\u017e ni\u010d in\u00e9, ver\u00edm, \u017ee aspo\u0148 povzbud\u00ed niekoho \u0161ikovnej\u0161ieho ako som ja, aby zlo\u017eil nie\u010do lep\u0161ie.<\/p>\n","protected":false},"excerpt":{"rendered":"<p>Existuj\u00faci poriadok ml\u00e1de\u017en\u00edckych SB v agende umo\u017e\u0148uje ma\u0165 Ve\u010deru P\u00e1novu na Ml\u00e1de\u017en\u00edckych Slu\u017eb\u00e1ch Bo\u017e\u00edch. Agenda pozn\u00e1 2 sp\u00f4soby Ve\u010dere P\u00e1novej. Ani jedn\u00fdm sp\u00f4sobom sa v\u0161ak VP ned\u00e1 zahra\u0165 s gitarou, pr\u00edpadne s celou kapelou. Obe liturgie toti\u017e obsahuj\u00fa pas\u00e1\u017ee bez pevn\u00e9ho rytmu (bez taktov\u00fdch \u010diar). Prakticky to znamen\u00e1, \u017ee Ve\u010dera P\u00e1nova mus\u00ed by\u0165 doprev\u00e1dzan\u00e1 organom &#8230; <a title=\"Nov\u00e1 ml\u00e1de\u017en\u00edcka liturgia k VP\" class=\"read-more\" href=\"https:\/\/www.e-anjelik.sk\/index.php\/2012\/12\/26\/nova-mladeznicka-liturgia-k-vp\/\" aria-label=\"Pre\u010d\u00edtajte si viac o Nov\u00e1 ml\u00e1de\u017en\u00edcka liturgia k VP\">\u010c\u00edta\u0165 viac<\/a><\/p>\n","protected":false},"author":47,"featured_media":0,"comment_status":"open","ping_status":"open","sticky":false,"template":"","format":"standard","meta":{"footnotes":""},"categories":[24,25,95],"tags":[312,315,207],"class_list":["post-5001","post","type-post","status-publish","format-standard","hentry","category-cirkevna-hudba","category-liturgia","category-sobotiste","tag-liturgicke-alternativy","tag-mladeznicke-sb","tag-vecera-panova"],"_links":{"self":[{"href":"https:\/\/www.e-anjelik.sk\/index.php\/wp-json\/wp\/v2\/posts\/5001","targetHints":{"allow":["GET"]}}],"collection":[{"href":"https:\/\/www.e-anjelik.sk\/index.php\/wp-json\/wp\/v2\/posts"}],"about":[{"href":"https:\/\/www.e-anjelik.sk\/index.php\/wp-json\/wp\/v2\/types\/post"}],"author":[{"embeddable":true,"href":"https:\/\/www.e-anjelik.sk\/index.php\/wp-json\/wp\/v2\/users\/47"}],"replies":[{"embeddable":true,"href":"https:\/\/www.e-anjelik.sk\/index.php\/wp-json\/wp\/v2\/comments?post=5001"}],"version-history":[{"count":0,"href":"https:\/\/www.e-anjelik.sk\/index.php\/wp-json\/wp\/v2\/posts\/5001\/revisions"}],"wp:attachment":[{"href":"https:\/\/www.e-anjelik.sk\/index.php\/wp-json\/wp\/v2\/media?parent=5001"}],"wp:term":[{"taxonomy":"category","embeddable":true,"href":"https:\/\/www.e-anjelik.sk\/index.php\/wp-json\/wp\/v2\/categories?post=5001"},{"taxonomy":"post_tag","embeddable":true,"href":"https:\/\/www.e-anjelik.sk\/index.php\/wp-json\/wp\/v2\/tags?post=5001"}],"curies":[{"name":"wp","href":"https:\/\/api.w.org\/{rel}","templated":true}]}}