{"id":5002,"date":"2012-12-27T08:08:55","date_gmt":"2012-12-27T08:08:55","guid":{"rendered":"http:\/\/e-anjelik.sk\/?p=5002"},"modified":"2012-12-27T08:08:55","modified_gmt":"2012-12-27T08:08:55","slug":"novinari-sa-oboznamili-s-vianocnymi-tradiciami-roznych-konfesii","status":"publish","type":"post","link":"https:\/\/www.e-anjelik.sk\/index.php\/2012\/12\/27\/novinari-sa-oboznamili-s-vianocnymi-tradiciami-roznych-konfesii\/","title":{"rendered":"Novin\u00e1ri sa obozn\u00e1mili s viano\u010dn\u00fdmi trad\u00edciami r\u00f4znych konfesi\u00ed"},"content":{"rendered":"<p>20. decembra t.r. sa mnoh\u00ed pracovn\u00edci m\u00e9di\u00ed v Petrohrade z\u00fa\u010dastnili na exkurzii po chr\u00e1moch r\u00f4znych kres\u0165ansk\u00fdch vyznan\u00ed nach\u00e1dzaj\u00facich sa na Nevskom prospekte v Petrohrade. Exkurziu zorganizovala administrat\u00edva mesta, konkr\u00e9tne \u00farad pre styk s n\u00e1bo\u017eensk\u00fdmi organiz\u00e1ciami. Novin\u00e1ri nav\u0161t\u00edvili arm\u00e9nsky, katol\u00edcky, luter\u00e1nsky a pravosl\u00e1vny chr\u00e1m. Tam ich \u010dakali vysok\u00ed cirkevn\u00ed predstavitelia &#8211; biskupi, ktor\u00ed novin\u00e1rom podali zasv\u00e4ten\u00fd v\u00fdklad o viano\u010dn\u00fdch trad\u00edci\u00e1ch a svojej konfesii. Exkurzia mala pozit\u00edvny vplyv na odstr\u00e1nenie predsudkov a m\u00fdlnych n\u00e1zorov v zna\u010dnej \u010dasti sekul\u00e1rnych novin\u00e1rov.<br \/>\n(www.baznica.info)<\/p>\n","protected":false},"excerpt":{"rendered":"<p>20. decembra t.r. sa mnoh\u00ed pracovn\u00edci m\u00e9di\u00ed v Petrohrade z\u00fa\u010dastnili na exkurzii po chr\u00e1moch r\u00f4znych kres\u0165ansk\u00fdch vyznan\u00ed nach\u00e1dzaj\u00facich sa na Nevskom prospekte v Petrohrade. Exkurziu zorganizovala administrat\u00edva mesta, konkr\u00e9tne \u00farad pre styk s n\u00e1bo\u017eensk\u00fdmi organiz\u00e1ciami. Novin\u00e1ri nav\u0161t\u00edvili arm\u00e9nsky, katol\u00edcky, luter\u00e1nsky a pravosl\u00e1vny chr\u00e1m. Tam ich \u010dakali vysok\u00ed cirkevn\u00ed predstavitelia &#8211; biskupi, ktor\u00ed novin\u00e1rom podali zasv\u00e4ten\u00fd &#8230; <a title=\"Novin\u00e1ri sa obozn\u00e1mili s viano\u010dn\u00fdmi trad\u00edciami r\u00f4znych konfesi\u00ed\" class=\"read-more\" href=\"https:\/\/www.e-anjelik.sk\/index.php\/2012\/12\/27\/novinari-sa-oboznamili-s-vianocnymi-tradiciami-roznych-konfesii\/\" aria-label=\"Pre\u010d\u00edtajte si viac o Novin\u00e1ri sa obozn\u00e1mili s viano\u010dn\u00fdmi trad\u00edciami r\u00f4znych konfesi\u00ed\">\u010c\u00edta\u0165 viac<\/a><\/p>\n","protected":false},"author":22,"featured_media":0,"comment_status":"open","ping_status":"open","sticky":false,"template":"","format":"standard","meta":{"footnotes":""},"categories":[2,35,159],"tags":[234],"class_list":["post-5002","post","type-post","status-publish","format-standard","hentry","category-ekumena","category-rusko-a-ine","category-vianoce","tag-zdruzenia-a-skupiny"],"_links":{"self":[{"href":"https:\/\/www.e-anjelik.sk\/index.php\/wp-json\/wp\/v2\/posts\/5002","targetHints":{"allow":["GET"]}}],"collection":[{"href":"https:\/\/www.e-anjelik.sk\/index.php\/wp-json\/wp\/v2\/posts"}],"about":[{"href":"https:\/\/www.e-anjelik.sk\/index.php\/wp-json\/wp\/v2\/types\/post"}],"author":[{"embeddable":true,"href":"https:\/\/www.e-anjelik.sk\/index.php\/wp-json\/wp\/v2\/users\/22"}],"replies":[{"embeddable":true,"href":"https:\/\/www.e-anjelik.sk\/index.php\/wp-json\/wp\/v2\/comments?post=5002"}],"version-history":[{"count":0,"href":"https:\/\/www.e-anjelik.sk\/index.php\/wp-json\/wp\/v2\/posts\/5002\/revisions"}],"wp:attachment":[{"href":"https:\/\/www.e-anjelik.sk\/index.php\/wp-json\/wp\/v2\/media?parent=5002"}],"wp:term":[{"taxonomy":"category","embeddable":true,"href":"https:\/\/www.e-anjelik.sk\/index.php\/wp-json\/wp\/v2\/categories?post=5002"},{"taxonomy":"post_tag","embeddable":true,"href":"https:\/\/www.e-anjelik.sk\/index.php\/wp-json\/wp\/v2\/tags?post=5002"}],"curies":[{"name":"wp","href":"https:\/\/api.w.org\/{rel}","templated":true}]}}