{"id":5005,"date":"2012-12-27T09:01:58","date_gmt":"2012-12-27T09:01:58","guid":{"rendered":"http:\/\/e-anjelik.sk\/?p=5005"},"modified":"2012-12-27T09:01:58","modified_gmt":"2012-12-27T09:01:58","slug":"pocet-krestanov-v-cine-je-neznamy","status":"publish","type":"post","link":"https:\/\/www.e-anjelik.sk\/index.php\/2012\/12\/27\/pocet-krestanov-v-cine-je-neznamy\/","title":{"rendered":"Po\u010det kres\u0165anov v \u010c\u00edne je nezn\u00e1my"},"content":{"rendered":"<p>Nikto nevie, ak\u00fd je skuto\u010dn\u00fd po\u010det kres\u0165anov medzi 1, 3<br \/>\n milardami obyvate\u013eov \u010c\u00edny. Ofici\u00e1lne \u010d\u00edsla \u0161t\u00e1tne \u00farady v ostatn\u00fdch rokoch st\u00e1le vylep\u0161uj\u00fa nahor. \u0160tatny n\u00e1bo\u017eensk\u00fd \u00farad ud\u00e1va po\u010det protestantov na desa\u0165 mili\u00f3nov, katol\u00edkov na 4 mili\u00f3ny. Vl\u00e1da naopak hovor\u00ed o 24 mili\u00f3noch , z nich je 18 mili\u00f3nov protestantov a 6 mili\u00f3nov katol\u00edkov. T\u00fdka sa to v\u0161ak iba registrovan\u00fdch  tzv. vlasteneck\u00fdch cirkv\u00ed. Neregistrovan\u00ed protestanti a R\u00edmu vern\u00ed katol\u00edci v tomto \u010d\u00edsle nie s\u00fa zahrnut\u00ed.T\u00ed s\u00fa\u00e4 sl\u00f4edovan\u00ed\u00e9 a prenasledovan\u00ed. Pod\u013ea \u00fadajov Neue Zuercher Zeitung iba vlani zadr\u017eali \u00farady 1289 os\u00f4b pre n\u00e1bo\u017eensk\u00e9 mot\u00edvy.<br \/>\n(www.idea.de)<\/p>\n","protected":false},"excerpt":{"rendered":"<p>Nikto nevie, ak\u00fd je skuto\u010dn\u00fd po\u010det kres\u0165anov medzi 1, 3 milardami obyvate\u013eov \u010c\u00edny. Ofici\u00e1lne \u010d\u00edsla \u0161t\u00e1tne \u00farady v ostatn\u00fdch rokoch st\u00e1le vylep\u0161uj\u00fa nahor. \u0160tatny n\u00e1bo\u017eensk\u00fd \u00farad ud\u00e1va po\u010det protestantov na desa\u0165 mili\u00f3nov, katol\u00edkov na 4 mili\u00f3ny. Vl\u00e1da naopak hovor\u00ed o 24 mili\u00f3noch , z nich je 18 mili\u00f3nov protestantov a 6 mili\u00f3nov katol\u00edkov. T\u00fdka sa &#8230; <a title=\"Po\u010det kres\u0165anov v \u010c\u00edne je nezn\u00e1my\" class=\"read-more\" href=\"https:\/\/www.e-anjelik.sk\/index.php\/2012\/12\/27\/pocet-krestanov-v-cine-je-neznamy\/\" aria-label=\"Pre\u010d\u00edtajte si viac o Po\u010det kres\u0165anov v \u010c\u00edne je nezn\u00e1my\">\u010c\u00edta\u0165 viac<\/a><\/p>\n","protected":false},"author":22,"featured_media":0,"comment_status":"open","ping_status":"open","sticky":false,"template":"","format":"standard","meta":{"footnotes":""},"categories":[16,10],"tags":[],"class_list":["post-5005","post","type-post","status-publish","format-standard","hentry","category-azia","category-zo-sveta"],"_links":{"self":[{"href":"https:\/\/www.e-anjelik.sk\/index.php\/wp-json\/wp\/v2\/posts\/5005","targetHints":{"allow":["GET"]}}],"collection":[{"href":"https:\/\/www.e-anjelik.sk\/index.php\/wp-json\/wp\/v2\/posts"}],"about":[{"href":"https:\/\/www.e-anjelik.sk\/index.php\/wp-json\/wp\/v2\/types\/post"}],"author":[{"embeddable":true,"href":"https:\/\/www.e-anjelik.sk\/index.php\/wp-json\/wp\/v2\/users\/22"}],"replies":[{"embeddable":true,"href":"https:\/\/www.e-anjelik.sk\/index.php\/wp-json\/wp\/v2\/comments?post=5005"}],"version-history":[{"count":0,"href":"https:\/\/www.e-anjelik.sk\/index.php\/wp-json\/wp\/v2\/posts\/5005\/revisions"}],"wp:attachment":[{"href":"https:\/\/www.e-anjelik.sk\/index.php\/wp-json\/wp\/v2\/media?parent=5005"}],"wp:term":[{"taxonomy":"category","embeddable":true,"href":"https:\/\/www.e-anjelik.sk\/index.php\/wp-json\/wp\/v2\/categories?post=5005"},{"taxonomy":"post_tag","embeddable":true,"href":"https:\/\/www.e-anjelik.sk\/index.php\/wp-json\/wp\/v2\/tags?post=5005"}],"curies":[{"name":"wp","href":"https:\/\/api.w.org\/{rel}","templated":true}]}}