{"id":5008,"date":"2012-12-28T12:26:26","date_gmt":"2012-12-28T12:26:26","guid":{"rendered":"http:\/\/e-anjelik.sk\/?p=5008"},"modified":"2012-12-28T12:26:26","modified_gmt":"2012-12-28T12:26:26","slug":"28-december","status":"publish","type":"post","link":"https:\/\/www.e-anjelik.sk\/index.php\/2012\/12\/28\/28-december\/","title":{"rendered":"28. DECEMBER"},"content":{"rendered":"<p>                                                                28. DECEMBER<\/p>\n<p>A to SLOVO stalo sa telom, preb\u00fdvalo medzi nami, a my h\u013eadeli sme na Jeho sl\u00e1vu ako na sl\u00e1vu jednoroden\u00e9ho od Otca, (bolo) pln\u00e9 milosti a pravdy.<\/p>\n<p>                                                                                                                                                              J\u00e1n 1,14<\/p>\n<p>     J\u00e1n zd\u00f4raz\u0148uje, kto \u201e to Slovo\u201c je, o ktorom on aj Moj\u017ei\u0161 doteraz hovorili. Predov\u0161etk\u00fdm, \u017ee je to jednoroden\u00fd Syn Bo\u017e\u00ed, ktor\u00fd mal v\u0161etku sl\u00e1vu, ako m\u00e1 Otec. Preto Ho naz\u00fdva jedin\u00fdm, jednoroden\u00fdm, aby Ho pov\u00fd\u0161il nad ostatn\u00e9 Bo\u017eie deti, ktor\u00e9 nie s\u00fa tak\u00e9, ak\u00fd je tento Jedin\u00fd.<br \/>\n      T\u00fdmto je zd\u00f4raznen\u00e9 zas Jeho prav\u00e9 Bo\u017estvo. Lebo keby nebol Boh, neozna\u010doval by Ho na rozdiel od ostatn\u00fdch jednoroden\u00fdm Synom, ako je tu ozna\u010den\u00fd.<br \/>\n       On a nikto  viac nie je tak\u00fdmto sp\u00f4sobom Synom Bo\u017e\u00edm, nikto sa u\u017e nem\u00f4\u017ee takto naz\u00fdva\u0165 ani medzi anjelmi, ani medzi \u013eu\u010fmi; lebo nikto z nich nie je jedin\u00fdm Bo\u017e\u00edm Synom, ale v\u0161etci s\u00fa bratia a rovnako stvoren\u00e9 tvory, vyvolen\u00e9 deti z milosti, nie naroden\u00e9 z Bo\u017eej podstaty.<\/p>\n<p>                                         Martin Luther: Smerovn\u00edk kres\u0165anskej cesty<\/p>\n","protected":false},"excerpt":{"rendered":"<p>28. DECEMBER A to SLOVO stalo sa telom, preb\u00fdvalo medzi nami, a my h\u013eadeli sme na Jeho sl\u00e1vu ako na sl\u00e1vu jednoroden\u00e9ho od Otca, (bolo) pln\u00e9 milosti a pravdy. J\u00e1n 1,14 J\u00e1n zd\u00f4raz\u0148uje, kto \u201e to Slovo\u201c je, o ktorom on aj Moj\u017ei\u0161 doteraz hovorili. Predov\u0161etk\u00fdm, \u017ee je to jednoroden\u00fd Syn Bo\u017e\u00ed, ktor\u00fd mal v\u0161etku &#8230; <a title=\"28. DECEMBER\" class=\"read-more\" href=\"https:\/\/www.e-anjelik.sk\/index.php\/2012\/12\/28\/28-december\/\" aria-label=\"Pre\u010d\u00edtajte si viac o 28. DECEMBER\">\u010c\u00edta\u0165 viac<\/a><\/p>\n","protected":false},"author":4,"featured_media":0,"comment_status":"open","ping_status":"open","sticky":false,"template":"","format":"standard","meta":{"footnotes":""},"categories":[1],"tags":[],"class_list":["post-5008","post","type-post","status-publish","format-standard","hentry","category-adventna-modlitba"],"_links":{"self":[{"href":"https:\/\/www.e-anjelik.sk\/index.php\/wp-json\/wp\/v2\/posts\/5008","targetHints":{"allow":["GET"]}}],"collection":[{"href":"https:\/\/www.e-anjelik.sk\/index.php\/wp-json\/wp\/v2\/posts"}],"about":[{"href":"https:\/\/www.e-anjelik.sk\/index.php\/wp-json\/wp\/v2\/types\/post"}],"author":[{"embeddable":true,"href":"https:\/\/www.e-anjelik.sk\/index.php\/wp-json\/wp\/v2\/users\/4"}],"replies":[{"embeddable":true,"href":"https:\/\/www.e-anjelik.sk\/index.php\/wp-json\/wp\/v2\/comments?post=5008"}],"version-history":[{"count":0,"href":"https:\/\/www.e-anjelik.sk\/index.php\/wp-json\/wp\/v2\/posts\/5008\/revisions"}],"wp:attachment":[{"href":"https:\/\/www.e-anjelik.sk\/index.php\/wp-json\/wp\/v2\/media?parent=5008"}],"wp:term":[{"taxonomy":"category","embeddable":true,"href":"https:\/\/www.e-anjelik.sk\/index.php\/wp-json\/wp\/v2\/categories?post=5008"},{"taxonomy":"post_tag","embeddable":true,"href":"https:\/\/www.e-anjelik.sk\/index.php\/wp-json\/wp\/v2\/tags?post=5008"}],"curies":[{"name":"wp","href":"https:\/\/api.w.org\/{rel}","templated":true}]}}