{"id":5010,"date":"2012-12-28T21:19:22","date_gmt":"2012-12-28T21:19:22","guid":{"rendered":"http:\/\/e-anjelik.sk\/?p=5010"},"modified":"2012-12-28T21:19:22","modified_gmt":"2012-12-28T21:19:22","slug":"mladatka","status":"publish","type":"post","link":"https:\/\/www.e-anjelik.sk\/index.php\/2012\/12\/28\/mladatka\/","title":{"rendered":"ML\u00c1DA\u0164K\u00c1"},"content":{"rendered":"<p>                                     ML\u00c1\u010eATK\u00c1<\/p>\n<p>V Tranovskom kalend\u00e1ri n\u00e1jdeme  28.12. pomenovanie Ml\u00e1\u010fatk\u00e1.<br \/>\nIde o pripomenutie udalosti, ktor\u00e1 sa stala po prv\u00fdch Vianociach.<br \/>\nEvanjelista Mat\u00fa\u0161 t\u00fato udalos\u0165 zazna\u010dil takto:<\/p>\n<p>     \u201cKe\u010f Herodes videl, \u017ee ho mudrci zaviedli, stra\u0161ne sa rozhneval a dal povra\u017edi\u0165 v\u0161etky dietky v Betleheme a na celom jeho okol\u00ed, po\u010dn\u00fac od dvojro\u010dn\u00fdch nadol, pod\u013ea \u010dasu, na ktor\u00fd sa d\u00f4kldne povypytoval mudrcov. Vtedy splnilo sa slovo proroka Jeremi\u00e1\u0161a: Hlas bolo po\u010du\u0165 v R\u00e1me, mnoho pla\u010du a n\u00e1reku: R\u00e1chel oplak\u00e1vala svoje deti a nedala sa pote\u0161i\u0165, preto\u017ee ich niet\u201d. Mt 2, 16-18<\/p>\n<p>     \u201cHerodes bol netvor&#8230;Jozef Flavius o tomto poslednom v\u00fd\u010dine kr\u00e1\u013ea ml\u010d\u00ed: ale ten, ktor\u00fd bol schopn\u00fd zavra\u017edi\u0165 svojich synov, nebol by schopn\u00fd zahubi\u0165 synov, ktor\u00fdch nesplodil?<br \/>\n      Nikto sa nikdy nedozvedel, ko\u013eko det\u00ed padlo za obe\u0165 hnevu Herodesovmu. Nebolo to toti\u017e v Judei po prv\u00fd raz, \u017ee pobili me\u010dom deti e\u0161te pri prsiach matkin\u00fdch: ve\u010f s\u00e1m \u017eidovsk\u00fd n\u00e1rod za star\u0161\u00edch \u010dias trest\u00e1val nepriate\u013eks\u00e9 mest\u00e1 vra\u017eden\u00edm starcov, \u017eien, ml\u00e1de\u017ee a det\u00ed. U\u0161etril len panny, aby z nich urobil otrokyne a s\u00falo\u017enice.<br \/>\n     Nevieme, ko\u013eko bolo neviniatok, ale vieme &#8211; ak mo\u017eno veri\u0165 Makrobiovi &#8211; \u017ee medzi nimi bol aj mal\u00fd syn\u010dek Herodesov, ktor\u00e9ho prid\u00e1jala \u017eena v Betleheme. Pre star\u00e9ho samovl\u00e1dcu, vraha man\u017eelky a synov, to bola mo\u017eno odplata, a ktovie, ako trpel, ke\u010f sa dozvedel o tomto omyle. \u010coskoro musel umrie\u0165 s\u00e1m, lebo ho zachv\u00e1tili hnusn\u00e9 choroby.<\/p>\n<p>       &#8230;Vra\u017eda neviniatok bol posledn\u00fd v\u00fd\u010din smrad\u013eav\u00e9ho a zakrvaven\u00e9ho starca. Obetovanie neviniatok okolo kol\u00edsky Nevinn\u00e9ho, t\u00e1to \u017eertva za novonaroden\u00e9ho, ktor\u00fd d\u00e1va svoju krv za odpustenie hrie\u0161nikov, t\u00e1to obe\u0165 \u013eud\u00ed za toho, ktor\u00fd sa raz obetuje s\u00e1m, m\u00e1 prorock\u00fd v\u00fdznam. Tis\u00edce a tis\u00edce nevinn\u00fdch bude musie\u0165 umrie\u0165 po jeho smrti len pre jedin\u00fd pre\u010din, \u017ee toti\u017e verili v jeho vzkriesenie: prich\u00e1dza, aby umrel za in\u00fdch, a h\u013ea, tis\u00edce naroden\u00fdch umiera pre neho, akoby mali smr\u0165ou vyk\u00fapi\u0165 Jeho narodenie.<\/p>\n<p>    V tejto krvavej obeti nevinn\u00fdch a v povra\u017eden\u00ed det\u00ed rovnak\u00e9ho veku v\u00e4z\u00ed stra\u0161n\u00e9 tajomstvo. Patrili k pokoleniu, ktor\u00e9 Ho malo zradi\u0165 a ukri\u017eova\u0165. Ale deti, ktor\u00e9 toho d\u0148a povra\u017edili Herodesovi vojaci, Ho nevideli, nedor\u00e1stli, aby vidlei vra\u017edu svojho P\u00e1na. Zachr\u00e1nili ho svojou krvou &#8211;  a zachr\u00e1nili sa nav\u017edy. Boli nevinn\u00e9 a tak\u00e9 ostali pre ve\u010dnos\u0165. Ich otcovia a bratia, ktor\u00ed pozostali, ich jedn\u00e9ho d\u0148a pomstia &#8211; ale bude im odpusten\u00e9, \u201clebo nevedia \u010do \u010dinia\u201d. <\/p>\n<p>                            Giovani Papinni: \u017divot Krista  (\u00faryvok) &#8211; \/Tatran Bratislava 1969\/<\/p>\n","protected":false},"excerpt":{"rendered":"<p>ML\u00c1\u010eATK\u00c1 V Tranovskom kalend\u00e1ri n\u00e1jdeme 28.12. pomenovanie Ml\u00e1\u010fatk\u00e1. Ide o pripomenutie udalosti, ktor\u00e1 sa stala po prv\u00fdch Vianociach. Evanjelista Mat\u00fa\u0161 t\u00fato udalos\u0165 zazna\u010dil takto: \u201cKe\u010f Herodes videl, \u017ee ho mudrci zaviedli, stra\u0161ne sa rozhneval a dal povra\u017edi\u0165 v\u0161etky dietky v Betleheme a na celom jeho okol\u00ed, po\u010dn\u00fac od dvojro\u010dn\u00fdch nadol, pod\u013ea \u010dasu, na ktor\u00fd sa &#8230; <a title=\"ML\u00c1DA\u0164K\u00c1\" class=\"read-more\" href=\"https:\/\/www.e-anjelik.sk\/index.php\/2012\/12\/28\/mladatka\/\" aria-label=\"Pre\u010d\u00edtajte si viac o ML\u00c1DA\u0164K\u00c1\">\u010c\u00edta\u0165 viac<\/a><\/p>\n","protected":false},"author":4,"featured_media":0,"comment_status":"open","ping_status":"open","sticky":false,"template":"","format":"standard","meta":{"footnotes":""},"categories":[159],"tags":[],"class_list":["post-5010","post","type-post","status-publish","format-standard","hentry","category-vianoce"],"_links":{"self":[{"href":"https:\/\/www.e-anjelik.sk\/index.php\/wp-json\/wp\/v2\/posts\/5010","targetHints":{"allow":["GET"]}}],"collection":[{"href":"https:\/\/www.e-anjelik.sk\/index.php\/wp-json\/wp\/v2\/posts"}],"about":[{"href":"https:\/\/www.e-anjelik.sk\/index.php\/wp-json\/wp\/v2\/types\/post"}],"author":[{"embeddable":true,"href":"https:\/\/www.e-anjelik.sk\/index.php\/wp-json\/wp\/v2\/users\/4"}],"replies":[{"embeddable":true,"href":"https:\/\/www.e-anjelik.sk\/index.php\/wp-json\/wp\/v2\/comments?post=5010"}],"version-history":[{"count":0,"href":"https:\/\/www.e-anjelik.sk\/index.php\/wp-json\/wp\/v2\/posts\/5010\/revisions"}],"wp:attachment":[{"href":"https:\/\/www.e-anjelik.sk\/index.php\/wp-json\/wp\/v2\/media?parent=5010"}],"wp:term":[{"taxonomy":"category","embeddable":true,"href":"https:\/\/www.e-anjelik.sk\/index.php\/wp-json\/wp\/v2\/categories?post=5010"},{"taxonomy":"post_tag","embeddable":true,"href":"https:\/\/www.e-anjelik.sk\/index.php\/wp-json\/wp\/v2\/tags?post=5010"}],"curies":[{"name":"wp","href":"https:\/\/api.w.org\/{rel}","templated":true}]}}