{"id":5013,"date":"2012-12-29T15:21:10","date_gmt":"2012-12-29T15:21:10","guid":{"rendered":"http:\/\/e-anjelik.sk\/?p=5013"},"modified":"2012-12-29T15:21:10","modified_gmt":"2012-12-29T15:21:10","slug":"vianocne-oslovenie-deti","status":"publish","type":"post","link":"https:\/\/www.e-anjelik.sk\/index.php\/2012\/12\/29\/vianocne-oslovenie-deti\/","title":{"rendered":"Viano\u010dn\u00e9 oslovenie det\u00ed"},"content":{"rendered":"<p>Text:  Viano\u010dn\u00e9 evanjelium:- Lk 2, 12- 13:<\/p>\n<p>\u201cA  toto v\u00e1m bude znamen\u00edm: n\u00e1jdete nemluvniatko, obvinut\u00e9 plienkami le\u017ea\u0165 v jasliach. A hne\u010f s anjelom zjavilo sa mno\u017estvo rytierstva nebesk\u00e9ho, ktor\u00ed chv\u00e1lili Boha a volali: Sl\u00e1va na v\u00fdsostiach Bohu a na zemi pokoj \u013eu\u010fom dobrej v\u00f4le\u201d. Amen.<\/p>\n<p>   Vianoce za\u010dali &#8211;  predpoklad\u00e1m, \u017ee pre niektor\u00fdch to bude prekvapuj\u00face zistenie &#8211; v galilejskom Nazarete!<br \/>\n   Vy, \u017eiaci 1. a 3. ro\u010dn\u00edka ste u\u017e mohli po\u010du\u0165 z Biblie, z evanjelia t\u00fa spr\u00e1vu a zves\u0165 ako anjel nav\u0161t\u00edvil M\u00e1riu. Propom\u00edna n\u00e1m to aj piese\u0148, ktor\u00fa sme sa nau\u010dili. Ako jej anjel Gabriel ozn\u00e1mil, \u017ee si ju P\u00e1n Boh vybral, vyvolil, aby ona bola matkou Jeho Syna na tomto svete. Ona s\u00edce bola prekvapen\u00e1, ale napokon s rados\u0165ou s\u00fahlasila: \u201cSom slu\u017eobnica P\u00e1nova, sta\u0148 sa mi pod\u013ea tvojho slova\u201d. A ked sa p\u00fdtala, ako sa to stane, dostala odpove\u010f: Moc Bo\u017eia sa \u0165a dotkne a Duch Sv\u00e4t\u00fd sp\u00f4sob\u00ed zrod nov\u00e9ho, \u010dist\u00e9ho \u017eivota v tvojom tele &#8211; lebo Bohu ni\u010d nebude nemo\u017en\u00e9.<br \/>\n    A tak sa potom naplnili dni, ke\u010f M\u00e1ria porodila Syna a priviedla na svet to Die\u0165a, ktor\u00e9 je nielen synom \u013eudsk\u00fdm, synom matky Panny M\u00e1rie, ale je aj prav\u00fdm Synom Bo\u017e\u00edm. Jeho narodenie- to s\u00fa tie prv\u00e9 a prav\u00e9 Vianoce, ktor\u00e9 sa op\u00e4\u0165 chyst\u00e1me spolu osl\u00e1vi\u0165.<\/p>\n<p>     Pre\u010do osl\u00e1vi\u0165? &#8211; Preto, lebo to bola a zost\u00e1va ve\u013ek\u00e1 a mimoriadne sl\u00e1vnostn\u00e1 chv\u00ed\u013ea pre v\u0161etk\u00fdch n\u00e1s: pre rodi\u010dov, man\u017eelov, v\u0161etky deti, v\u0161etk\u00fdch \u013eud\u00ed dobrej v\u00f4le. \u201cLebo narodil sa n\u00e1m Spasite\u013e&#8230;\u201d Z\u00e1chranca a pomocn\u00edk pri prekon\u00e1van\u00ed nel\u00e1sky, \u013eudskej slabosti a v\u0161etk\u00fdch d\u00f4sledkov hriechov. T\u00fdm najv\u00e1\u017enej\u0161\u00edm d\u00f4sledkom je na\u0161a pominute\u013enos\u0165&#8230;.V dne\u0161nej sc\u00e9nke, rozpr\u00e1vo\u010dke \u201cChrob\u00e1\u010diky \/Brou\u010dci\/ od \u010desk\u00e9ho spisovate\u013ea a far\u00e1ra Jana Karafi\u00e1ta budete po\u010du\u0165 o chrob\u00e1\u010dikoch, svetoj\u00e1nskych mu\u0161k\u00e1ch, ktor\u00e9 tie\u017e zomieraj\u00fa  &#8211; hoci by e\u0161te radi svietili v tomto svete. Aj im priniesol Dobr\u00fd pastier pomoc&#8230;Ale &#8211; nepredbiehajme&#8230;<\/p>\n<p>    Na\u0161ou snahou je, aby sme prijali to vz\u00e1cne Bo\u017eie Die\u0165a. Na\u0161\u00edm \u00fasil\u00edm je, pozrie\u0165 sa \u010do najlep\u0161ie a najbli\u017e\u0161ie na to Die\u0165a a spr\u00edtomni\u0165 si v\u0161ekto, \u010do bolo povedan\u00e9, a \u010do je zap\u00edsan\u00e9 o Bo\u017eom Synovi a na\u0161om Spasite\u013eovi. Je to ve\u013ek\u00fd div a z\u00e1zrak ktor\u00fd oslavujeme&#8230;Die\u0165atko, obvinut\u00e9 plienkami je V\u00ed\u0165az nad ka\u017ed\u00fdm zlom, hriechom \u013eud\u00ed i nad smr\u0165ou. Nevad\u00ed, \u017ee nena\u0161lo na za\u010diatku ani poriadny domov, \u017ee muselo le\u017ea\u0165 na slame v chladnej ma\u0161tali!<\/p>\n<p>Mo\u017eno si teraz niekto pomysl\u00ed- pre\u010do mocn\u00fd P\u00e1n Boh neposlal svojho Syna inak?!  V moci, v sl\u00e1ve, v bohatstve? Sk\u00fasme si to na chv\u00ed\u013eu predstavi\u0165:<br \/>\n&#8230;.Keby pri\u0161iel P\u00e1n Je\u017ei\u0161 ako VOJAK &#8211; na tanku s celou arm\u00e1dou, ako by Ho asi \u013eudia v\u00edtali a prijali? Verili by, \u017ee im pri\u0161el pomocn\u00edk v tanku? Oslobodie\u013e?&#8230; Ri\u0161ko, op\u00fdtaj sa doma otca, ako je to ke\u010f id\u00fa tanky&#8230;<br \/>\n    Alebo keby pri\u0161iel na kozmickej rakete ako kozmonaut. Iste by sa  by sa \u013eudia vydesili&#8230;a v\u0161etko naokolo by bolo sp\u00e1len\u00e9, zni\u010den\u00e9, mo\u017eno zamoren\u00e9&#8230;<br \/>\nAlebo &#8211; ako m\u00fadry filozof?- Rozumeli by sme mu, keby sa chcel s nami rozpr\u00e1va\u0165 o \u017eivote, o ve\u010dnosti, o slu\u0161nosti, o vesm\u00edre&#8230; ? H\u00e1danka: Jeden gr\u00e9cky filozof povedal: \u201cViem, \u017ee ni\u010d neviem! \u010co mysl\u00edte, bol to m\u00fadry, alebo hl\u00fapy \u010dlovek?&#8230;<br \/>\n     Keby pri\u0161el ako najbohat\u0161\u00ed \u010dlovek a ubytoval sa v drahom hoteli, a mal by okolo seba ochranku &#8211; mohli by ste sa k Nemu dosta\u0165 bli\u017e\u0161ie? <\/p>\n<p>     On si vybral in\u00fd pr\u00edchod a prie\u0161iel tak, ako ste pri\u0161li na svet aj vy, a my v\u0161etci. Ako die\u0165a\u0165a, ktor\u00e9 sa usmieva vtedy, ke\u010f je okolo neho pokoj, dobr\u00e1 mama a dobr\u00fd otec. Ako Die\u0165a ktor\u00e9 sa usmieva. Nanajv\u00fd\u0161, ktor\u00e9 iba pla\u010de, ale nenad\u00e1va nikomu, ke\u010f mu nie\u010do ch\u00fdba! To je n\u00e1dhern\u00e9! On bol tak\u00fd ako sme boli my. A to preto, aby sme sa my stali tak\u00fdmi, ak\u00fdm je On teraz v sl\u00e1ve!<\/p>\n<p>     Tomuto Die\u0165atu spevala prv\u00fa usp\u00e1vanku nielen M\u00e1ria a Jozef, ale aj rytierstvo nebesk\u00e9 &#8211; Bo\u017e\u00ed anjeli, ktor\u00fdch hlasy a v\u010faka P\u00e1nu Bohu za drah\u00fd dar sa ozval v tomto svete na l\u00fakach nad Betlehemom! \u201cSl\u00e1va na v\u00fdsostaich Bohu a na zemi pokoj \u013eu\u010fom dobrej v\u00f4le\u201d!<\/p>\n<p>      My sa u\u010d\u00edme pozna\u0165 t\u00fa pravdu, \u017ee kde \u013eudia spievaj\u00fa na chv\u00e1lu BOHU, ktor\u00fd je na nebi, vtedy a tam maj\u00fa a tam prich\u00e1dza vz\u00e1cny pokoj a l\u00e1ska k \u013eu\u010fom na zemi! T\u00fato pravde  smiete DNES vyslovi\u0165 aj vy pre n\u00e1s. U\u017e sa na to te\u0161\u00edme. Vy ste DNES to rytierstvo nebesk\u00e9!  Va\u0161e hlasy, va\u0161e ver\u0161e, va\u0161e piesne, ktor\u00e9 ste sa nau\u010dli, va\u0161e pr\u00edbehy, ktor\u00e9 ste ako obr\u00e1zky n\u00e1\u0161ho \u017eivota nacvi\u010dili vo forme sc\u00e9nok &#8211; vy mlad\u0161\u00ed i star\u0161\u00ed \u017eiaci!<\/p>\n<p>     Ver\u00edme, \u017ee n\u00e1s rozospievate, rozradost\u00edte, ale aj privediete va\u0161imi posolstvami a hlasmi k nov\u00e9mu zamysleniu a rozhodnutiu: Po\u010fme aj my v duchu do Betlehema! &#8211; A vy, star\u0161\u00ed, mil\u00ed rodi\u010dia, &#8211; pr\u00edjmite i tieto hl\u00e1sky ako hlasy Bo\u017e\u00edch poslov a anjelov z neba, aby za\u010dali vo va\u0161ich rodin\u00e1ch u\u017e dnes prav\u00e9 Vianoce! Amen.<\/p>\n<p>                                    Modlime sa : Ot\u010de n\u00e1\u0161&#8230; \/ n\u00e1sledne vyst\u00fapenie det\u00ed\/.   \u013d.Batka st.<\/p>\n<p>\u2028<\/p>\n","protected":false},"excerpt":{"rendered":"<p>Text: Viano\u010dn\u00e9 evanjelium:- Lk 2, 12- 13: \u201cA toto v\u00e1m bude znamen\u00edm: n\u00e1jdete nemluvniatko, obvinut\u00e9 plienkami le\u017ea\u0165 v jasliach. A hne\u010f s anjelom zjavilo sa mno\u017estvo rytierstva nebesk\u00e9ho, ktor\u00ed chv\u00e1lili Boha a volali: Sl\u00e1va na v\u00fdsostiach Bohu a na zemi pokoj \u013eu\u010fom dobrej v\u00f4le\u201d. Amen. Vianoce za\u010dali &#8211; predpoklad\u00e1m, \u017ee pre niektor\u00fdch to bude prekvapuj\u00face &#8230; <a title=\"Viano\u010dn\u00e9 oslovenie det\u00ed\" class=\"read-more\" href=\"https:\/\/www.e-anjelik.sk\/index.php\/2012\/12\/29\/vianocne-oslovenie-deti\/\" aria-label=\"Pre\u010d\u00edtajte si viac o Viano\u010dn\u00e9 oslovenie det\u00ed\">\u010c\u00edta\u0165 viac<\/a><\/p>\n","protected":false},"author":4,"featured_media":0,"comment_status":"open","ping_status":"open","sticky":false,"template":"","format":"standard","meta":{"footnotes":""},"categories":[95,159],"tags":[249,316],"class_list":["post-5013","post","type-post","status-publish","format-standard","hentry","category-sobotiste","category-vianoce","tag-bohosluzby","tag-detska-besiedka-3"],"_links":{"self":[{"href":"https:\/\/www.e-anjelik.sk\/index.php\/wp-json\/wp\/v2\/posts\/5013","targetHints":{"allow":["GET"]}}],"collection":[{"href":"https:\/\/www.e-anjelik.sk\/index.php\/wp-json\/wp\/v2\/posts"}],"about":[{"href":"https:\/\/www.e-anjelik.sk\/index.php\/wp-json\/wp\/v2\/types\/post"}],"author":[{"embeddable":true,"href":"https:\/\/www.e-anjelik.sk\/index.php\/wp-json\/wp\/v2\/users\/4"}],"replies":[{"embeddable":true,"href":"https:\/\/www.e-anjelik.sk\/index.php\/wp-json\/wp\/v2\/comments?post=5013"}],"version-history":[{"count":0,"href":"https:\/\/www.e-anjelik.sk\/index.php\/wp-json\/wp\/v2\/posts\/5013\/revisions"}],"wp:attachment":[{"href":"https:\/\/www.e-anjelik.sk\/index.php\/wp-json\/wp\/v2\/media?parent=5013"}],"wp:term":[{"taxonomy":"category","embeddable":true,"href":"https:\/\/www.e-anjelik.sk\/index.php\/wp-json\/wp\/v2\/categories?post=5013"},{"taxonomy":"post_tag","embeddable":true,"href":"https:\/\/www.e-anjelik.sk\/index.php\/wp-json\/wp\/v2\/tags?post=5013"}],"curies":[{"name":"wp","href":"https:\/\/api.w.org\/{rel}","templated":true}]}}