{"id":5014,"date":"2012-12-29T15:33:45","date_gmt":"2012-12-29T15:33:45","guid":{"rendered":"http:\/\/e-anjelik.sk\/?p=5014"},"modified":"2019-02-22T15:42:40","modified_gmt":"2019-02-22T14:42:40","slug":"daniel-michal-fakla-modlitba-za-malickych","status":"publish","type":"post","link":"https:\/\/www.e-anjelik.sk\/index.php\/2012\/12\/29\/daniel-michal-fakla-modlitba-za-malickych\/","title":{"rendered":"Daniel Michal Fakla: Modlitba za mali\u010dk\u00fdch"},"content":{"rendered":"<p>        DANIEL MICHAL FAKLA:  MODLITBA  ZA  MALI\u010cK\u00ddCH<\/p>\n<p>       V\u010faka Ti, Bo\u017ee, za modr\u00e9 nev\u00e4dze,<br \/>\n       \u010do svietia v o\u010dk\u00e1ch na\u0161ich vn\u00fa\u010dat.<br \/>\n       A hoc&#8216; kvietok s\u00e1m rozvi\u0165 sa nevl\u00e1dze,<br \/>\n       predsa len z Tvojej moci za\u010d\u00edna pu\u010da\u0165.<\/p>\n<p>      V\u010faka Ti za jas v ich iskrivom zraku.<br \/>\n      K blahu im sta\u010d\u00ed bl\u00edzkos\u0165 otca &#8211; matky.<br \/>\n      Obe\u0165 s\u0155dc i r\u00fak dv\u00edhame proti mraku,<br \/>\n      \u010do hroz\u00ed ru\u0161i\u0165 ich sp\u00e1nok sladk\u00fd.<\/p>\n<p>       Bl\u00edzkos\u0165ou svojou, Bo\u017ee, vzbu\u010f v n\u00e1s n\u00e1dej,<br \/>\n       \u017ee nezabudne\u0161 nikdy, nikdy na ne.<br \/>\n       Ke\u010f v hniezde spolo\u010dnom \u017ei\u0165 bud\u00fa \u010falej,<br \/>\n       l\u00e1skou ich zastr\u00fa Tvoje mocn\u00e9 dlane. <\/p>\n<p>       \/ Zo zbierky:  D.M.Fakla: Na milos\u0165 \u010dak\u00e1m &#8211; vydal G.A.G,umeleck\u00e1 agent\u00fara B.Bystrica 1992\/<\/p>\n","protected":false},"excerpt":{"rendered":"<p>DANIEL MICHAL FAKLA: MODLITBA ZA MALI\u010cK\u00ddCH V\u010faka Ti, Bo\u017ee, za modr\u00e9 nev\u00e4dze, \u010do svietia v o\u010dk\u00e1ch na\u0161ich vn\u00fa\u010dat. A hoc&#8216; kvietok s\u00e1m rozvi\u0165 sa nevl\u00e1dze, predsa len z Tvojej moci za\u010d\u00edna pu\u010da\u0165. V\u010faka Ti za jas v ich iskrivom zraku. K blahu im sta\u010d\u00ed bl\u00edzkos\u0165 otca &#8211; matky. Obe\u0165 s\u0155dc i r\u00fak dv\u00edhame proti mraku, &#8230; <a title=\"Daniel Michal Fakla: Modlitba za mali\u010dk\u00fdch\" class=\"read-more\" href=\"https:\/\/www.e-anjelik.sk\/index.php\/2012\/12\/29\/daniel-michal-fakla-modlitba-za-malickych\/\" aria-label=\"Pre\u010d\u00edtajte si viac o Daniel Michal Fakla: Modlitba za mali\u010dk\u00fdch\">\u010c\u00edta\u0165 viac<\/a><\/p>\n","protected":false},"author":4,"featured_media":0,"comment_status":"open","ping_status":"open","sticky":false,"template":"","format":"standard","meta":{"footnotes":""},"categories":[165],"tags":[],"class_list":["post-5014","post","type-post","status-publish","format-standard","hentry","category-poezia-2"],"_links":{"self":[{"href":"https:\/\/www.e-anjelik.sk\/index.php\/wp-json\/wp\/v2\/posts\/5014","targetHints":{"allow":["GET"]}}],"collection":[{"href":"https:\/\/www.e-anjelik.sk\/index.php\/wp-json\/wp\/v2\/posts"}],"about":[{"href":"https:\/\/www.e-anjelik.sk\/index.php\/wp-json\/wp\/v2\/types\/post"}],"author":[{"embeddable":true,"href":"https:\/\/www.e-anjelik.sk\/index.php\/wp-json\/wp\/v2\/users\/4"}],"replies":[{"embeddable":true,"href":"https:\/\/www.e-anjelik.sk\/index.php\/wp-json\/wp\/v2\/comments?post=5014"}],"version-history":[{"count":1,"href":"https:\/\/www.e-anjelik.sk\/index.php\/wp-json\/wp\/v2\/posts\/5014\/revisions"}],"predecessor-version":[{"id":32369,"href":"https:\/\/www.e-anjelik.sk\/index.php\/wp-json\/wp\/v2\/posts\/5014\/revisions\/32369"}],"wp:attachment":[{"href":"https:\/\/www.e-anjelik.sk\/index.php\/wp-json\/wp\/v2\/media?parent=5014"}],"wp:term":[{"taxonomy":"category","embeddable":true,"href":"https:\/\/www.e-anjelik.sk\/index.php\/wp-json\/wp\/v2\/categories?post=5014"},{"taxonomy":"post_tag","embeddable":true,"href":"https:\/\/www.e-anjelik.sk\/index.php\/wp-json\/wp\/v2\/tags?post=5014"}],"curies":[{"name":"wp","href":"https:\/\/api.w.org\/{rel}","templated":true}]}}