{"id":5019,"date":"2012-12-31T11:53:58","date_gmt":"2012-12-31T11:53:58","guid":{"rendered":"http:\/\/e-anjelik.sk\/?p=5019"},"modified":"2012-12-31T11:53:58","modified_gmt":"2012-12-31T11:53:58","slug":"svet-sa-nestava-nabozenskejsim","status":"publish","type":"post","link":"https:\/\/www.e-anjelik.sk\/index.php\/2012\/12\/31\/svet-sa-nestava-nabozenskejsim\/","title":{"rendered":"Svet sa nest\u00e1va n\u00e1bo\u017eenskej\u0161\u00edm"},"content":{"rendered":"<p>Svet sa nest\u00e1va n\u00e1bo\u017eenskej\u0161\u00edm. Veriaci s\u00edce predstavuj\u00fa v\u00e4\u010d\u0161inu obyvate\u013estva , ale ich podiel za ostatn\u00fdch sedem rokov poklesol, k\u00fdm po\u010det ateistov st\u00fapol.Vypl\u00fdva to z v\u00fdsledkov v\u00fdskumu agent\u00fary WIN Gallup International , ktor\u00e9 boli zverejnen\u00e9 vo Dubline, \u00cdrsko. V\u00fdskumn\u00edci sa p\u00fdtali viacej ako 50 tis\u00edc \u013eud\u00ed v 57 krajin\u00e1ch sveta na ich n\u00e1bo\u017eensk\u00e9 samohodnotenie a v\u00fdsledky porovnali s rokom 2005. Dnes sa ozna\u010dilo 59% obyvate\u013eov  ako n\u00e1bo\u017eensk\u00fdch, 23% ako nen\u00e1bo\u017eensk\u00fdch a 13% ako ateisti. Zvy\u0161ok \u00fadaje nevyplnil. Po\u010det veriacich v ostatn\u00fdch rokoch klesol o 9%. Ateistov o 3% pribudlo. V\u00fdskumn\u00edci zistili s\u00favislos\u0165 medzi vierou a \u017eivotnou \u00farov\u0148ou: ob\u010dania s najni\u017e\u0161\u00edmi pr\u00edjmami boli o 17% n\u00e1bo\u017eenskej\u0161\u00ed ako t\u00ed z hornej prie\u010dky pr\u00edjmov.Najn\u00e1bo\u017eenskej\u0161ia je Ghana &#8211; 96%, nasleduje Nig\u00e9ria &#8211; 93%, Arm\u00e9nsko a Fid\u017ei &#8211; 92%. Nemecko s 51% obsadilo 42. miesto. Najviac ateistov je v \u013eudovej \u010c\u00edne &#8211; 47%, druh\u00e9 je Japonsko &#8211; 31%, \u010cesko &#8211; 30%.<br \/>\n(www.idea.de)<\/p>\n","protected":false},"excerpt":{"rendered":"<p>Svet sa nest\u00e1va n\u00e1bo\u017eenskej\u0161\u00edm. Veriaci s\u00edce predstavuj\u00fa v\u00e4\u010d\u0161inu obyvate\u013estva , ale ich podiel za ostatn\u00fdch sedem rokov poklesol, k\u00fdm po\u010det ateistov st\u00fapol.Vypl\u00fdva to z v\u00fdsledkov v\u00fdskumu agent\u00fary WIN Gallup International , ktor\u00e9 boli zverejnen\u00e9 vo Dubline, \u00cdrsko. V\u00fdskumn\u00edci sa p\u00fdtali viacej ako 50 tis\u00edc \u013eud\u00ed v 57 krajin\u00e1ch sveta na ich n\u00e1bo\u017eensk\u00e9 samohodnotenie a v\u00fdsledky &#8230; <a title=\"Svet sa nest\u00e1va n\u00e1bo\u017eenskej\u0161\u00edm\" class=\"read-more\" href=\"https:\/\/www.e-anjelik.sk\/index.php\/2012\/12\/31\/svet-sa-nestava-nabozenskejsim\/\" aria-label=\"Pre\u010d\u00edtajte si viac o Svet sa nest\u00e1va n\u00e1bo\u017eenskej\u0161\u00edm\">\u010c\u00edta\u0165 viac<\/a><\/p>\n","protected":false},"author":22,"featured_media":0,"comment_status":"open","ping_status":"open","sticky":false,"template":"","format":"standard","meta":{"footnotes":""},"categories":[1],"tags":[234],"class_list":["post-5019","post","type-post","status-publish","format-standard","hentry","category-adventna-modlitba","tag-zdruzenia-a-skupiny"],"_links":{"self":[{"href":"https:\/\/www.e-anjelik.sk\/index.php\/wp-json\/wp\/v2\/posts\/5019","targetHints":{"allow":["GET"]}}],"collection":[{"href":"https:\/\/www.e-anjelik.sk\/index.php\/wp-json\/wp\/v2\/posts"}],"about":[{"href":"https:\/\/www.e-anjelik.sk\/index.php\/wp-json\/wp\/v2\/types\/post"}],"author":[{"embeddable":true,"href":"https:\/\/www.e-anjelik.sk\/index.php\/wp-json\/wp\/v2\/users\/22"}],"replies":[{"embeddable":true,"href":"https:\/\/www.e-anjelik.sk\/index.php\/wp-json\/wp\/v2\/comments?post=5019"}],"version-history":[{"count":0,"href":"https:\/\/www.e-anjelik.sk\/index.php\/wp-json\/wp\/v2\/posts\/5019\/revisions"}],"wp:attachment":[{"href":"https:\/\/www.e-anjelik.sk\/index.php\/wp-json\/wp\/v2\/media?parent=5019"}],"wp:term":[{"taxonomy":"category","embeddable":true,"href":"https:\/\/www.e-anjelik.sk\/index.php\/wp-json\/wp\/v2\/categories?post=5019"},{"taxonomy":"post_tag","embeddable":true,"href":"https:\/\/www.e-anjelik.sk\/index.php\/wp-json\/wp\/v2\/tags?post=5019"}],"curies":[{"name":"wp","href":"https:\/\/api.w.org\/{rel}","templated":true}]}}