{"id":5024,"date":"2013-01-03T09:42:13","date_gmt":"2013-01-03T09:42:13","guid":{"rendered":"http:\/\/e-anjelik.sk\/?p=5024"},"modified":"2013-01-03T09:42:13","modified_gmt":"2013-01-03T09:42:13","slug":"3-januar","status":"publish","type":"post","link":"https:\/\/www.e-anjelik.sk\/index.php\/2013\/01\/03\/3-januar\/","title":{"rendered":"3. JANU\u00c1R"},"content":{"rendered":"<p>                                                                          3. JANU\u00c1R<\/p>\n<p>Ot\u010de n\u00e1\u0161, ktor\u00fd si v nebesiach!<\/p>\n<p>                                                                                                                                                                   Mat\u00fa\u0161 6, 9 b<\/p>\n<p>      Aj ke\u010f to hlboko preci\u0165ujem a zis\u0165ujem, \u017ee, \u017eia\u013e, nedok\u00e1\u017eem cel\u00fdm srdcom vyslovi\u0165 Ot\u010de n\u00e1\u0161, ako to dokonale nedok\u00e1\u017ee vyslovi\u0165 nijak\u00fd \u010dlovek na zemi (inak by sme u\u017e boli plne bla\u017een\u00ed), predsa sa chcem pok\u00fasi\u0165 a za\u010da\u0165, ako die\u0165atko chce zotrva\u0165 pri otcovi.<\/p>\n<p>       Hoci nedok\u00e1\u017eem veri\u0165 dokonale, predsa to nechcem poklada\u0165 za nepravdiv\u00e9, ani poveda\u0165 nie, aj ke\u010f nedok\u00e1\u017eem \u017ei\u0165, ako si On pr\u00e1vom n\u00e1rokuje. Keby nasledoval opak, vtedy by sa dostal k slovu s\u00e1m diabol;<br \/>\n        ( predsa sa chcem pok\u00fasi\u0165  a za\u010da\u0165, ako die\u0165atko&#8230;) &#8211; aby som ka\u017edodenne hl\u00e1skoval, k\u00fdm sa nenau\u010d\u00edm Ot\u010de n\u00e1\u0161 a opakova\u0165 Kristovu k\u00e1ze\u0148, robiac to dobre alebo zle, nech d\u00e1 Boh, aj ke\u010f bude zajakanie, b\u013eabot alebo d\u017eavot, aby som predsa len nie\u010do dok\u00e1zal.<\/p>\n<p>                                                        Martin Luther: Smerovn\u00edk kres\u0165anskej cesty<\/p>\n","protected":false},"excerpt":{"rendered":"<p>3. JANU\u00c1R Ot\u010de n\u00e1\u0161, ktor\u00fd si v nebesiach! Mat\u00fa\u0161 6, 9 b Aj ke\u010f to hlboko preci\u0165ujem a zis\u0165ujem, \u017ee, \u017eia\u013e, nedok\u00e1\u017eem cel\u00fdm srdcom vyslovi\u0165 Ot\u010de n\u00e1\u0161, ako to dokonale nedok\u00e1\u017ee vyslovi\u0165 nijak\u00fd \u010dlovek na zemi (inak by sme u\u017e boli plne bla\u017een\u00ed), predsa sa chcem pok\u00fasi\u0165 a za\u010da\u0165, ako die\u0165atko chce zotrva\u0165 pri otcovi. &#8230; <a title=\"3. JANU\u00c1R\" class=\"read-more\" href=\"https:\/\/www.e-anjelik.sk\/index.php\/2013\/01\/03\/3-januar\/\" aria-label=\"Pre\u010d\u00edtajte si viac o 3. JANU\u00c1R\">\u010c\u00edta\u0165 viac<\/a><\/p>\n","protected":false},"author":4,"featured_media":0,"comment_status":"open","ping_status":"open","sticky":false,"template":"","format":"standard","meta":{"footnotes":""},"categories":[1],"tags":[],"class_list":["post-5024","post","type-post","status-publish","format-standard","hentry","category-adventna-modlitba"],"_links":{"self":[{"href":"https:\/\/www.e-anjelik.sk\/index.php\/wp-json\/wp\/v2\/posts\/5024","targetHints":{"allow":["GET"]}}],"collection":[{"href":"https:\/\/www.e-anjelik.sk\/index.php\/wp-json\/wp\/v2\/posts"}],"about":[{"href":"https:\/\/www.e-anjelik.sk\/index.php\/wp-json\/wp\/v2\/types\/post"}],"author":[{"embeddable":true,"href":"https:\/\/www.e-anjelik.sk\/index.php\/wp-json\/wp\/v2\/users\/4"}],"replies":[{"embeddable":true,"href":"https:\/\/www.e-anjelik.sk\/index.php\/wp-json\/wp\/v2\/comments?post=5024"}],"version-history":[{"count":0,"href":"https:\/\/www.e-anjelik.sk\/index.php\/wp-json\/wp\/v2\/posts\/5024\/revisions"}],"wp:attachment":[{"href":"https:\/\/www.e-anjelik.sk\/index.php\/wp-json\/wp\/v2\/media?parent=5024"}],"wp:term":[{"taxonomy":"category","embeddable":true,"href":"https:\/\/www.e-anjelik.sk\/index.php\/wp-json\/wp\/v2\/categories?post=5024"},{"taxonomy":"post_tag","embeddable":true,"href":"https:\/\/www.e-anjelik.sk\/index.php\/wp-json\/wp\/v2\/tags?post=5024"}],"curies":[{"name":"wp","href":"https:\/\/api.w.org\/{rel}","templated":true}]}}