{"id":5025,"date":"2013-01-03T10:04:21","date_gmt":"2013-01-03T10:04:21","guid":{"rendered":"http:\/\/e-anjelik.sk\/?p=5025"},"modified":"2013-01-03T10:04:21","modified_gmt":"2013-01-03T10:04:21","slug":"svetovy-den-modlitieb-zien-2013-venovany-francuzsku","status":"publish","type":"post","link":"https:\/\/www.e-anjelik.sk\/index.php\/2013\/01\/03\/svetovy-den-modlitieb-zien-2013-venovany-francuzsku\/","title":{"rendered":"Svetov\u00fd de\u0148 modlitieb \u017eien 2013 venovan\u00fd Franc\u00fazsku"},"content":{"rendered":"<p>Tohoro\u010dn\u00fd medzin\u00e1rodn\u00fd de\u0148 modlitieb \u017eien bude sa kona\u0165 1. marca 2013. Je to v\u017edy prv\u00fd piatok mesiaca marec. Jeho heslom je &#8220; Bol som cudzincom , a prijali ste ma.&#8220; Venovan\u00fd je Franc\u00fazsku. Jeho program pripravili kres\u0165anky z tejto krajiny. Franc\u00fazsko je pod\u013ea \u00fastavy pr\u00edsne laicistick\u00fd \u0161t\u00e1t od roku 1905, kde plat\u00ed odluka n\u00e1bo\u017eenstva od \u0161t\u00e1tu. Pod\u013ea odhadov 50 a\u017e 80% ob\u010danov je r\u00edmskych katol\u00edkov. Projekt tohto modlitebn\u00e9ho d\u0148a sa financuje zo zbierok pri bohoslu\u017eb\u00e1ch. . Projekty s\u00fa vypracovan\u00e9 pre Eur\u00f3pu, Latinsk\u00fa Ameriku, \u00c1ziu, Afriku a Pacifik.<br \/>\n(www.ekd.de)<\/p>\n","protected":false},"excerpt":{"rendered":"<p>Tohoro\u010dn\u00fd medzin\u00e1rodn\u00fd de\u0148 modlitieb \u017eien bude sa kona\u0165 1. marca 2013. Je to v\u017edy prv\u00fd piatok mesiaca marec. Jeho heslom je &#8220; Bol som cudzincom , a prijali ste ma.&#8220; Venovan\u00fd je Franc\u00fazsku. Jeho program pripravili kres\u0165anky z tejto krajiny. Franc\u00fazsko je pod\u013ea \u00fastavy pr\u00edsne laicistick\u00fd \u0161t\u00e1t od roku 1905, kde plat\u00ed odluka n\u00e1bo\u017eenstva od &#8230; <a title=\"Svetov\u00fd de\u0148 modlitieb \u017eien 2013 venovan\u00fd Franc\u00fazsku\" class=\"read-more\" href=\"https:\/\/www.e-anjelik.sk\/index.php\/2013\/01\/03\/svetovy-den-modlitieb-zien-2013-venovany-francuzsku\/\" aria-label=\"Pre\u010d\u00edtajte si viac o Svetov\u00fd de\u0148 modlitieb \u017eien 2013 venovan\u00fd Franc\u00fazsku\">\u010c\u00edta\u0165 viac<\/a><\/p>\n","protected":false},"author":22,"featured_media":0,"comment_status":"open","ping_status":"open","sticky":false,"template":"","format":"standard","meta":{"footnotes":""},"categories":[2,233],"tags":[234],"class_list":["post-5025","post","type-post","status-publish","format-standard","hentry","category-ekumena","category-modlitby","tag-zdruzenia-a-skupiny"],"_links":{"self":[{"href":"https:\/\/www.e-anjelik.sk\/index.php\/wp-json\/wp\/v2\/posts\/5025","targetHints":{"allow":["GET"]}}],"collection":[{"href":"https:\/\/www.e-anjelik.sk\/index.php\/wp-json\/wp\/v2\/posts"}],"about":[{"href":"https:\/\/www.e-anjelik.sk\/index.php\/wp-json\/wp\/v2\/types\/post"}],"author":[{"embeddable":true,"href":"https:\/\/www.e-anjelik.sk\/index.php\/wp-json\/wp\/v2\/users\/22"}],"replies":[{"embeddable":true,"href":"https:\/\/www.e-anjelik.sk\/index.php\/wp-json\/wp\/v2\/comments?post=5025"}],"version-history":[{"count":0,"href":"https:\/\/www.e-anjelik.sk\/index.php\/wp-json\/wp\/v2\/posts\/5025\/revisions"}],"wp:attachment":[{"href":"https:\/\/www.e-anjelik.sk\/index.php\/wp-json\/wp\/v2\/media?parent=5025"}],"wp:term":[{"taxonomy":"category","embeddable":true,"href":"https:\/\/www.e-anjelik.sk\/index.php\/wp-json\/wp\/v2\/categories?post=5025"},{"taxonomy":"post_tag","embeddable":true,"href":"https:\/\/www.e-anjelik.sk\/index.php\/wp-json\/wp\/v2\/tags?post=5025"}],"curies":[{"name":"wp","href":"https:\/\/api.w.org\/{rel}","templated":true}]}}